{"id":2750,"date":"2016-04-15T09:15:02","date_gmt":"2016-04-15T14:15:02","guid":{"rendered":"http:\/\/www.biblia.work\/noticias\/aniversario-tres-anos-de-terre-damerica\/"},"modified":"2016-04-15T09:15:02","modified_gmt":"2016-04-15T14:15:02","slug":"aniversario-tres-anos-de-terre-damerica","status":"publish","type":"post","link":"https:\/\/www.biblia.work\/noticias\/aniversario-tres-anos-de-terre-damerica\/","title":{"rendered":"Aniversario: tres a\u00f1os de Terre d\u2019America"},"content":{"rendered":"<p style=\"text-align: justify\">(ZENIT &#8211; Roma).- <em>Se cumple el tercer aniversario de la web Terre d&#8217;America. Proponemos a continuaci\u00f3n esta entrevista al director de la web, Alvear Metalli, hecha por el vaticanista Andrea Tornielli, autor entre otras obras del libro entrevista al papa Francisco: &#8220;El nombre de Dios es misericordia&#8221;.<\/em><\/p>\n<p style=\"text-align: center\">***<\/p>\n<p style=\"text-align: justify\">Es un sitio que trata de contar lo que se est\u00e1 moviendo en Am\u00e9rica Latina. La publicaci\u00f3n comenz\u00f3 con la elecci\u00f3n del Papa Francisco, el primer Pont\u00edfice americano. Al principio, contar sobre las ra\u00edces de Bergoglio y presentar testimonios de gente que lo conoc\u00eda era lo m\u00e1s importante, pero poco a poco se fue convirtiendo en un colector de\u00a0<i>reportage<\/i>, de ideas, del relato de una realidad poco conocida y que por lo general ya no se encuentra bajo la luz de los reflectores como lo estaba d\u00e9cadas atr\u00e1s, cuando all\u00ed se jugaba uno de los partidos decisivos de la Guerra fr\u00eda. \u201cTerre d\u2019America\u201d, el sitio de Alver Metalli, cumple tres a\u00f1os y lo entrevistamos.<\/p>\n<p style=\"text-align: justify\"><b><i>\u00bfC\u00f3mo naci\u00f3 Terre d\u2019America<\/i><\/b>\u00a0<b><i>y por qu\u00e9?<br \/>\n<\/i><\/b>&#8212; Alvear Metalli: Eran los d\u00edas de la elecci\u00f3n de Bergoglio como Papa, y junto con los amigos de Roma segu\u00edamos activamente los acontecimientos. En aquel momento trabajaba para la RAI y vine a Italia poco antes de que empezara el c\u00f3nclave, cuando renunci\u00f3 Benedicto XVI. Puedes imaginar la enorme sorpresa que signific\u00f3 la elecci\u00f3n de Bergoglio para alguien que viv\u00eda en Argentina y lo conoc\u00eda. Adem\u00e1s, como he vivido en Am\u00e9rica Latina la mitad de mi vida, me interpelaban muchos colegas que quer\u00edan noticias sobre el Papa argentino, sobre la Argentina del nuevo Papa o sobre la visi\u00f3n que tiene Bergoglio de Am\u00e9rica Latina. Fue Lucio Brunelli, colega y amigo que en aquel momento estaba en TG2 y hoy es director de TV2000, quien vio que todo esto era una buena oportunidad para crear un sitio de noticias y an\u00e1lisis sobre Am\u00e9rica Latina. Un sitio para responder a la renovada atenci\u00f3n que el pontificado hab\u00eda despertado por este continente, que en los \u00faltimos a\u00f1os hab\u00eda quedado fuera de la luz de los reflectores medi\u00e1ticos, salvo que ocurriera alguna tragedia. Me pareci\u00f3 que era una buena idea y val\u00eda la pena intentar el desaf\u00edo<\/p>\n<p style=\"text-align: justify\"><b><i>Y estos tres a\u00f1os, \u00bfqu\u00e9 dicen sobre el desaf\u00edo? \u00bfSigue en pie?<br \/>\n<\/i><\/b><i>&#8212; Alvear Metalli:\u00a0<\/i>Tres a\u00f1os no son muchos, pero de todos modos son suficientes para decir que confirmaron la validez de la sugerencia. Efectivamente, la onda de renovaci\u00f3n que produjo el pontificado con respecto a Am\u00e9rica Latina y la renovada atenci\u00f3n del viejo continente han proporcionado una enorme cantidad de material, y resulta apasionante relatarlo.<\/p>\n<p style=\"text-align: justify\"><b><i>Veo que Terre d\u2019Am\u00e9rica no se ocupa solo del Papa\u2026<br \/>\n<\/i><\/b>&#8212; Alvear Metalli: No, es cierto. El horizonte de Terre d\u2019America es toda Am\u00e9rica Latina, con su mosaico de pa\u00edses y problemas, con sus dinamismos profundos. Si no se comprenden esos dinamismos profundos, como me ense\u00f1\u00f3 un gran latinoamericano, el fil\u00f3sofo e historiador uruguayo Methol Ferr\u00e9, tampoco se puede comprender el hoy. Este intelectual, del cual el mismo Papa dijo que \u201cnos ense\u00f1\u00f3 a pensar\u201d, me recordaba siempre que la actualidad, el presente, no se comprende solo y principalmente con el an\u00e1lisis de la actualidad, ni siquiera en asiduo contacto con la cr\u00f3nica del presente. Por el contrario, dec\u00eda que \u201ces necesario, ante cada hecho, remontarse al pasado reciente y tambi\u00e9n al pasado remoto, en un viaje hacia atr\u00e1s, hacia las fuentes de las que fluyen esos fen\u00f3menos que se manifiestan en nuestros d\u00edas, para volver al presente con un bagaje m\u00e1s completo de hip\u00f3tesis explicativas, y con ellas partir de nuevo para escrutar el futuro\u201d.<\/p>\n<p style=\"text-align: justify\"><b><i>\u00bfCu\u00e1les son los recursos de tu blog?<br \/>\n<\/i><\/b>&#8212; Alvear Metalli: Fundamentalmente, una larga permanencia en el continente y una red de contactos y conocimiento de fuentes que fui acumulando a trav\u00e9s de los a\u00f1os. Mi primer contacto con Am\u00e9rica Latina fue en 1979, durante la insurrecci\u00f3n sandinista en Nicaragua; despu\u00e9s el asesinato de Romero en El Salvador. A partir de ese momento segu\u00ed in loco pr\u00e1cticamente todas las situaciones de crisis, porque eso es lo que nutre la informaci\u00f3n, y encontr\u00e1ndome tambi\u00e9n con muchos y distintos puntos de vista autorizados, algunos verdaderamente inteligentes y de gran perspectiva, de intelectuales, constructores de la sociedad, pol\u00edticos, escritores, artistas, historiadores\u2026<\/p>\n<p style=\"text-align: justify\">Despu\u00e9s, en 1987, me radiqu\u00e9 en Argentina,\u00a0 con algunos par\u00e9ntesis en M\u00e9xico y Uruguay. Y ese capital de relaciones y de fuentes, junto con la lectura casi diaria de un centenar de peri\u00f3dicos y revistas de todo el continente son los que alimentan el blog, retomado por un n\u00famero creciente de medios europeos y de Am\u00e9rica Latina.<\/p>\n<p style=\"text-align: justify\"><b><i>\u00bfDe qu\u00e9 manera cambi\u00f3 el continente en las \u00faltimas d\u00e9cadas?<br \/>\n<\/i><\/b>&#8212; Alvear Metalli: Te respondo haciendo referencia a dos momentos, dos situaciones extremas. El primer contacto con Am\u00e9rica Latina lo viv\u00ed en una sublevaci\u00f3n popular armada, en Nicaragua, como te dec\u00eda. Eran los a\u00f1os \u201980 y la perspectiva de tomar el poder con las armas era muy factible en gran parte del continente. En El Salvador, Guatemala, Per\u00fa, Bolivia y Colombia, hab\u00eda guerrillas activas o grupos que intentaban una revoluci\u00f3n armada. Al sur, en Argentina, Chile, Paraguay y Uruguay, estaban saliendo de largas dictaduras, m\u00e1s o menos sangrientas seg\u00fan cada caso. Terre d\u2019America, treinta y cinco a\u00f1os despu\u00e9s, comienza su actividad haciendo sus primeros servicios sobre el pontificado del primer Papa latinoamericano, el comienzo de las negociaciones del gobierno colombiano con las FARC, los primero pasos para la beatificaci\u00f3n de Romero, los juicios contra los militares en Argentina, incluyendo a los mandantes del asesinato del obispo Angelelli, el deshielo entre Cuba y Estados Unidos y los sucesivos viajes papales\u2026<\/p>\n<p style=\"text-align: justify\"><b><i>\u00bfQu\u00e9 impacto tuvo (si lo tuvo) el pontificado de Francisco en Am\u00e9rica Latina?<br \/>\n<\/i><\/b>&#8212; Alvear Metalli: Uno inmediato, que se puede describir como una especie de toma de conciencia popular del valor de ser cristiano, de su beneficio y de su belleza; la alegr\u00eda y tambi\u00e9n el orgullo de ser cat\u00f3licos, que con el Papa latinoamericano se ha difundido en tantos ambientes humildes; y un impacto m\u00e1s profundo, que tiene que ver con los \u201cprocesos\u201d, como gusta decir el Papa, cosas que se pusieron en movimiento y que con el tiempo tendr\u00e1n manifestaciones cada vez m\u00e1s maduras. Palabras como testimonio, di\u00e1logo, inclusi\u00f3n, amistad social, soluci\u00f3n de los conflictos en todos los niveles, tienen tambi\u00e9n un valor pol\u00edtico, de renovaci\u00f3n y transformaci\u00f3n social, que a medida que pasa el tiempo va siendo aprendido y asumido a nivel de liderazgo eclesial, si queremos llamarlo as\u00ed\u2026<\/p>\n<p><span class=\"et_bloom_bottom_trigger\"><\/span><\/p>\n<p><a href=\"https:\/\/es.zenit.org\/\" target=\"_blank\" rel=\"nofollow\">Fuente: es.zenit.org<\/a><\/p>\n","protected":false},"excerpt":{"rendered":"<p>(ZENIT &#8211; Roma).- Se cumple el tercer aniversario de la web Terre d&#8217;America. Proponemos a continuaci\u00f3n esta entrevista al director de la web, Alvear Metalli, hecha por el vaticanista Andrea Tornielli, autor entre otras obras del libro entrevista al papa Francisco: &#8220;El nombre de Dios es misericordia&#8221;. *** Es un sitio que trata de contar &hellip; <a href=\"https:\/\/www.biblia.work\/noticias\/aniversario-tres-anos-de-terre-damerica\/\" class=\"more-link\">Continuar leyendo<span class=\"screen-reader-text\"> \u00abAniversario: tres a\u00f1os de Terre d\u2019America\u00bb<\/span><\/a><\/p>\n","protected":false},"author":1,"featured_media":0,"comment_status":"open","ping_status":"closed","sticky":false,"template":"","format":"standard","meta":{"footnotes":""},"categories":[1],"tags":[],"class_list":["post-2750","post","type-post","status-publish","format-standard","hentry","category-general"],"_links":{"self":[{"href":"https:\/\/www.biblia.work\/noticias\/wp-json\/wp\/v2\/posts\/2750","targetHints":{"allow":["GET"]}}],"collection":[{"href":"https:\/\/www.biblia.work\/noticias\/wp-json\/wp\/v2\/posts"}],"about":[{"href":"https:\/\/www.biblia.work\/noticias\/wp-json\/wp\/v2\/types\/post"}],"author":[{"embeddable":true,"href":"https:\/\/www.biblia.work\/noticias\/wp-json\/wp\/v2\/users\/1"}],"replies":[{"embeddable":true,"href":"https:\/\/www.biblia.work\/noticias\/wp-json\/wp\/v2\/comments?post=2750"}],"version-history":[{"count":0,"href":"https:\/\/www.biblia.work\/noticias\/wp-json\/wp\/v2\/posts\/2750\/revisions"}],"wp:attachment":[{"href":"https:\/\/www.biblia.work\/noticias\/wp-json\/wp\/v2\/media?parent=2750"}],"wp:term":[{"taxonomy":"category","embeddable":true,"href":"https:\/\/www.biblia.work\/noticias\/wp-json\/wp\/v2\/categories?post=2750"},{"taxonomy":"post_tag","embeddable":true,"href":"https:\/\/www.biblia.work\/noticias\/wp-json\/wp\/v2\/tags?post=2750"}],"curies":[{"name":"wp","href":"https:\/\/api.w.org\/{rel}","templated":true}]}}