{"id":2753,"date":"2016-04-15T10:15:02","date_gmt":"2016-04-15T15:15:02","guid":{"rendered":"http:\/\/www.biblia.work\/noticias\/el-viaje-del-papa-a-grecia-sera-ecumenico-y-humanitario\/"},"modified":"2016-04-15T10:15:02","modified_gmt":"2016-04-15T15:15:02","slug":"el-viaje-del-papa-a-grecia-sera-ecumenico-y-humanitario","status":"publish","type":"post","link":"https:\/\/www.biblia.work\/noticias\/el-viaje-del-papa-a-grecia-sera-ecumenico-y-humanitario\/","title":{"rendered":"El viaje del Papa a Grecia ser\u00e1 ecum\u00e9nico y humanitario"},"content":{"rendered":"<p style=\"text-align: justify\">(ZENIT &#8211; \u00a0Roma).- \u201cEsta visita del Papa a Grecia es sin duda importante desde el punto de vista humanitario y por que ser\u00e1 un\u00a0signo de la uni\u00f3n de todos los cristianos en el objetivo de\u00a0ayudar a las personas en grave dificultad y necesidad\u201d. Lo explic\u00f3 hoy a ZENIT en la v\u00edspera del viaje del papa Francisco a Grecia, el sacerdote Carlo Pioppi, docente en la <em>Pontificia Universidad de la Santa Cruz<\/em>, en Roma, quien ha realizado en los diez \u00faltimos a\u00f1os un extensa labor pastoral en el pa\u00eds hel\u00e9nico.<\/p>\n<p style=\"text-align: justify\">A\u00f1adi\u00f3 que \u201cser\u00e1 tambi\u00e9n un paso adelante en el ecumenismo porque\u00a0ser\u00e1 un\u00a0encuentro de l\u00edderes de diversas Iglesias, y porque dar\u00e1 mucha alegr\u00eda a los cat\u00f3licos de Grecia ver a un Pont\u00edfice que les visita\u00a0en su pa\u00eds,\u00a0despu\u00e9s de la visita de Juan Pablo II\u201d.<\/p>\n<p style=\"text-align: justify\">Poco antes, durante un desayuno de trabajo, el docente italiano asegur\u00f3 que ser\u00e1 \u201cun viaje que ayudar\u00e1 mucho al acercamiento entre cat\u00f3licos y ortodoxos\u201d.<\/p>\n<p style=\"text-align: justify\">El Papa en el\u00a0viaje de pocas horas que realiza a Grecia este s\u00e1bado, visitar\u00e1 la isla de Lesbos\u00a0donde llegan miles de refugiados de Oriente Medio y \u00c1frica, que\u00a0huyen de los conflictos y buscan en Europa un futuro mejor.\u00a0El Pont\u00edfice estar\u00e1 acompa\u00f1ado durante el viaje por el patriarca ecum\u00e9nico de Constantinopla, Bartolom\u00e9 I y por el arzobispo de Atenas y de toda Grecia, Jer\u00f3nimo II.<\/p>\n<p style=\"text-align: justify\"><strong>Grecia hoy:<br \/>\n<\/strong>El sacerdote explic\u00f3 que Grecia, hoy es un pa\u00eds con 11 millones de habitantes de los cuales unos 250 mil son cat\u00f3licos, mayoritariamente extranjeros, porque solo 50 mil son de origen griego.<\/p>\n<p style=\"text-align: justify\">Los cat\u00f3licos no aut\u00f3ctonos provienen principalmente de Europa y llegaron casi todos despu\u00e9s de la entrada del pa\u00eds en la Uni\u00f3n Europea en 1980. Hay tambi\u00e9n muchos que son filipinos. Todos ellos se encuentran muy dispersos en el territorio, lo que pone un problema pastoral muy serio para la iglesia cat\u00f3lica, explic\u00f3 el sacerdote.<\/p>\n<p style=\"text-align: justify\">El profesor Pioppi se\u00f1al\u00f3 adem\u00e1s que los matrimonios mixtos, son m\u00e1s con esposas cat\u00f3licas y no constituye un problema relevante entre ambas religiones. Precis\u00f3 tambi\u00e9n que en los templos cat\u00f3licos las misas suelen ser en varios idiomas entre los cuales prevalecen el ingl\u00e9s y el italiano. Durante su explicaci\u00f3n record\u00f3 tambi\u00e9n que en el clero griego pr\u00e1cticamente todos hablan italiano, porque much\u00edsimos han estudiado en Italia.<\/p>\n<p style=\"text-align: justify\"><strong>Relaciones entre cat\u00f3licos y ortodoxos:<br \/>\n<\/strong>El profesor de Historia de la Iglesia, de teolog\u00eda, paleograf\u00eda y diplom\u00e1tica, se\u00f1al\u00f3 que las relaciones mejoraron mucho desde los a\u00f1os 60 gracias a\u00a0los encuentros del papa Pablo VI con el patriarca Aten\u00e1goras I de Constantinopla.<\/p>\n<p style=\"text-align: justify\">El primero fue en 1964 en Jerusal\u00e9n con la declaraci\u00f3n conjunta del 7 de diciembre de 1965, en la que se revocaron las sentencias mutas de excomuni\u00f3n, con motivo del Cisma de Oriente y Occidente en 1054. Un segundo y tercer encuentro entre el Papa y el Patriarca fueron en 1967, en Estambul y el Vaticano.<\/p>\n<p style=\"text-align: justify\">Otro paso importante en la misma direcci\u00f3n, se\u00f1al\u00f3, fue la visita de san Juan Pablo II el 4 de mayo de 2001 y la apertura de una nunciatura en Atenas.<\/p>\n<p style=\"text-align: justify\">Hoy existe, record\u00f3 el sacerdote, un reconocimiento reciente del Estado griego, del mes de\u00a0septiembre de 2014, que da m\u00e1s autonom\u00eda jur\u00eddica a la Iglesia y adem\u00e1s la entrada de Grecia en Europa, favoreci\u00f3 la internacionalizaci\u00f3n del pa\u00eds. Es de notar, dijo que en las nuevas generaciones cayeron una serie de prejuicios debidos a lejanos hechos hist\u00f3ricos. Adem\u00e1s, asegur\u00f3 el docente italiano, el papa Francisco es bastante popular en Grecia, lo que ayudar\u00e1 a\u00fan m\u00e1s en las relaciones.<\/p>\n<p style=\"text-align: justify\">Se\u00f1al\u00f3 que debido a la crisis econ\u00f3mica que est\u00e1 atravesando Grecia, la Iglesia ortodoxa ha creado muchos comedores y han nacido programas conjuntos con la C\u00e1ritas de Italia. Concluy\u00f3 se\u00f1alando que como ha dicho el Santo Padre en diversas oportunidades, los griegos se destacan por la hospitalidad y generosidad.<\/p>\n<p><span class=\"et_bloom_bottom_trigger\"><\/span><\/p>\n<p><a href=\"https:\/\/es.zenit.org\/\" target=\"_blank\" rel=\"nofollow\">Fuente: es.zenit.org<\/a><\/p>\n","protected":false},"excerpt":{"rendered":"<p>(ZENIT &#8211; \u00a0Roma).- \u201cEsta visita del Papa a Grecia es sin duda importante desde el punto de vista humanitario y por que ser\u00e1 un\u00a0signo de la uni\u00f3n de todos los cristianos en el objetivo de\u00a0ayudar a las personas en grave dificultad y necesidad\u201d. Lo explic\u00f3 hoy a ZENIT en la v\u00edspera del viaje del papa &hellip; <a href=\"https:\/\/www.biblia.work\/noticias\/el-viaje-del-papa-a-grecia-sera-ecumenico-y-humanitario\/\" class=\"more-link\">Continuar leyendo<span class=\"screen-reader-text\"> \u00abEl viaje del Papa a Grecia ser\u00e1 ecum\u00e9nico y humanitario\u00bb<\/span><\/a><\/p>\n","protected":false},"author":1,"featured_media":0,"comment_status":"open","ping_status":"closed","sticky":false,"template":"","format":"standard","meta":{"footnotes":""},"categories":[1],"tags":[],"class_list":["post-2753","post","type-post","status-publish","format-standard","hentry","category-general"],"_links":{"self":[{"href":"https:\/\/www.biblia.work\/noticias\/wp-json\/wp\/v2\/posts\/2753","targetHints":{"allow":["GET"]}}],"collection":[{"href":"https:\/\/www.biblia.work\/noticias\/wp-json\/wp\/v2\/posts"}],"about":[{"href":"https:\/\/www.biblia.work\/noticias\/wp-json\/wp\/v2\/types\/post"}],"author":[{"embeddable":true,"href":"https:\/\/www.biblia.work\/noticias\/wp-json\/wp\/v2\/users\/1"}],"replies":[{"embeddable":true,"href":"https:\/\/www.biblia.work\/noticias\/wp-json\/wp\/v2\/comments?post=2753"}],"version-history":[{"count":0,"href":"https:\/\/www.biblia.work\/noticias\/wp-json\/wp\/v2\/posts\/2753\/revisions"}],"wp:attachment":[{"href":"https:\/\/www.biblia.work\/noticias\/wp-json\/wp\/v2\/media?parent=2753"}],"wp:term":[{"taxonomy":"category","embeddable":true,"href":"https:\/\/www.biblia.work\/noticias\/wp-json\/wp\/v2\/categories?post=2753"},{"taxonomy":"post_tag","embeddable":true,"href":"https:\/\/www.biblia.work\/noticias\/wp-json\/wp\/v2\/tags?post=2753"}],"curies":[{"name":"wp","href":"https:\/\/api.w.org\/{rel}","templated":true}]}}