{"id":2757,"date":"2016-04-15T11:15:02","date_gmt":"2016-04-15T16:15:02","guid":{"rendered":"http:\/\/www.biblia.work\/noticias\/el-card-parolin-la-iglesia-en-polonia-es-un-baluarte-de-fe-y-caridad-cristiana\/"},"modified":"2016-04-15T11:15:02","modified_gmt":"2016-04-15T16:15:02","slug":"el-card-parolin-la-iglesia-en-polonia-es-un-baluarte-de-fe-y-caridad-cristiana","status":"publish","type":"post","link":"https:\/\/www.biblia.work\/noticias\/el-card-parolin-la-iglesia-en-polonia-es-un-baluarte-de-fe-y-caridad-cristiana\/","title":{"rendered":"El Card. Parol\u00edn: la Iglesia en Polonia es un baluarte de fe y caridad cristiana"},"content":{"rendered":"<p style=\"text-align: justify\">(ZENIT &#8211; \u00a0Roma).- El secretario de estado de la Santa Sede, el cardenal Pietro Parol\u00edn asegur\u00f3 hoy en Polonia, en ocasi\u00f3n de los festejos de los 1050 a\u00f1os de la cristianizaci\u00f3n del pa\u00eds, que \u201cla Iglesia es consciente de la existencia de nuevas corrientes que continuamente piden encontrar modos adecuados para ser &#8216;sal y luz&#8217; de esta tierra, y fuego que calienta los corazones y lleva a las personas hacia el anuncio de la salvaci\u00f3n\u201d.<\/p>\n<p style=\"text-align: justify\">El cardenal dirigi\u00e9ndose a los obispos polacos reunidos en asamblea plenaria se\u00f1al\u00f3 que \u201cla fidelidad a Dios, al Evangelio y a la Santa Sede han despertado respeto y estima en otras naciones, haciendo de la Iglesia en Polonia un baluarte de la fe y de la caridad cristiana, y luz en las tinieblas que diversas veces han envuelto a Europa\u201d.<\/p>\n<p style=\"text-align: justify\">Ayer por la tarde, el secretario de estado y enviado por el Papa para las celebraciones, participando en la liturgia solemne celebrada en Gniezno, la antigua capital de Polonia cristiana, ha enviado a los fieles del pa\u00eds\u00a0el saludo del papa Francisco \u201cpresente en esp\u00edritu\u201d durante las celebraciones.<\/p>\n<p style=\"text-align: justify\">Y reiter\u00f3 que el Santo Padre llegar\u00e1 a finales de junio del presente a\u00f1o para\u00a0la XXXI Jornada Mundial de la Juventud que tendr\u00e1 lugar en Cracovia y cuyo patr\u00f3n ser\u00e1 san\u00a0Juan Pablo II. El evento\u00a0se celebrar\u00e1 del 26 al 31 de julio con el tema \u201cBienaventurados los misericordiosos porque ellos alcanzar\u00e1n misericordia\u201d.<\/p>\n<p><span class=\"et_bloom_bottom_trigger\"><\/span><\/p>\n<p><a href=\"https:\/\/es.zenit.org\/\" target=\"_blank\" rel=\"nofollow\">Fuente: es.zenit.org<\/a><\/p>\n","protected":false},"excerpt":{"rendered":"<p>(ZENIT &#8211; \u00a0Roma).- El secretario de estado de la Santa Sede, el cardenal Pietro Parol\u00edn asegur\u00f3 hoy en Polonia, en ocasi\u00f3n de los festejos de los 1050 a\u00f1os de la cristianizaci\u00f3n del pa\u00eds, que \u201cla Iglesia es consciente de la existencia de nuevas corrientes que continuamente piden encontrar modos adecuados para ser &#8216;sal y luz&#8217; &hellip; <a href=\"https:\/\/www.biblia.work\/noticias\/el-card-parolin-la-iglesia-en-polonia-es-un-baluarte-de-fe-y-caridad-cristiana\/\" class=\"more-link\">Continuar leyendo<span class=\"screen-reader-text\"> \u00abEl Card. Parol\u00edn: la Iglesia en Polonia es un baluarte de fe y caridad cristiana\u00bb<\/span><\/a><\/p>\n","protected":false},"author":1,"featured_media":0,"comment_status":"open","ping_status":"closed","sticky":false,"template":"","format":"standard","meta":{"footnotes":""},"categories":[1],"tags":[],"class_list":["post-2757","post","type-post","status-publish","format-standard","hentry","category-general"],"_links":{"self":[{"href":"https:\/\/www.biblia.work\/noticias\/wp-json\/wp\/v2\/posts\/2757","targetHints":{"allow":["GET"]}}],"collection":[{"href":"https:\/\/www.biblia.work\/noticias\/wp-json\/wp\/v2\/posts"}],"about":[{"href":"https:\/\/www.biblia.work\/noticias\/wp-json\/wp\/v2\/types\/post"}],"author":[{"embeddable":true,"href":"https:\/\/www.biblia.work\/noticias\/wp-json\/wp\/v2\/users\/1"}],"replies":[{"embeddable":true,"href":"https:\/\/www.biblia.work\/noticias\/wp-json\/wp\/v2\/comments?post=2757"}],"version-history":[{"count":0,"href":"https:\/\/www.biblia.work\/noticias\/wp-json\/wp\/v2\/posts\/2757\/revisions"}],"wp:attachment":[{"href":"https:\/\/www.biblia.work\/noticias\/wp-json\/wp\/v2\/media?parent=2757"}],"wp:term":[{"taxonomy":"category","embeddable":true,"href":"https:\/\/www.biblia.work\/noticias\/wp-json\/wp\/v2\/categories?post=2757"},{"taxonomy":"post_tag","embeddable":true,"href":"https:\/\/www.biblia.work\/noticias\/wp-json\/wp\/v2\/tags?post=2757"}],"curies":[{"name":"wp","href":"https:\/\/api.w.org\/{rel}","templated":true}]}}