{"id":2759,"date":"2016-04-15T12:05:03","date_gmt":"2016-04-15T17:05:03","guid":{"rendered":"http:\/\/www.biblia.work\/noticias\/experto-de-libertad-religiosa-estamos-en-la-iii-guerra-mundial\/"},"modified":"2016-04-15T12:05:03","modified_gmt":"2016-04-15T17:05:03","slug":"experto-de-libertad-religiosa-estamos-en-la-iii-guerra-mundial","status":"publish","type":"post","link":"https:\/\/www.biblia.work\/noticias\/experto-de-libertad-religiosa-estamos-en-la-iii-guerra-mundial\/","title":{"rendered":"Experto de libertad religiosa: \u201cEstamos en la III Guerra Mundial\u201d"},"content":{"rendered":"<p style=\"text-align: justify\">Radicales isl\u00e1micos aumentan ataques hacia minor\u00edas religiosas alrededor del mundo\u2026 Recientemente, el Concilio de Investigaci\u00f3n Familiar uni\u00f3 un panel de expertos quienes advierten que la persecuci\u00f3n es una amenaza creciente para la seguridad nacional estadounidense. <\/p>\n<p style=\"text-align: justify\">La libertad religiosa es un sue\u00f1o lejano para muchos cristianos que enfrentan persecuci\u00f3n diariamente. <\/p>\n<p style=\"text-align: justify\"> \u201cLas vidas de las minor\u00edas religiosas, en especial de creyentes cristianos, son miserables en Pakist\u00e1n, hemos sido perseguidos y tratados como ciudadanos de segunda y tercera clase, en Pakist\u00e1n\u201d, dijo Pervez Rafique, de Bleeding for Belief. <\/p>\n<p style=\"text-align: justify\">Eventos terribles como el ataque del talib\u00e1n en pascua siguen ocurriendo. Y los cristianos ven poca o ninguna protecci\u00f3n del gobierno. <\/p>\n<p style=\"text-align: justify\"> \u201cEl gobierno a\u00fan no hace lo que debe en Pakist\u00e1n y ahora, no se trata de libertad religiosa, es cuesti\u00f3n de vida o muerte\u201d, indic\u00f3 Rafique. <\/p>\n<p style=\"text-align: justify\">Varios expertos de libertad religiosa se reunieron en Washington para discutir sobre la persecuci\u00f3n y sus efectos en Estados Unidos. <\/p>\n<p style=\"text-align: justify\">El ex congresista Frank Wolf dice que es una amenaza a la seguridad nacional de Estados Unidos y que el Congreso debe tomar acci\u00f3n. <\/p>\n<p style=\"text-align: justify\"> \u201cLa administraci\u00f3n o el Congreso debe lidiar con eso o suceder\u00e1n cosas muy malas en el mundo\u201d, dijo Wolf. <\/p>\n<p style=\"text-align: justify\">Wolf dice estar de acuerdo con el Papa en que estamos en la III Guerra Mundial. <\/p>\n<p style=\"text-align: justify\"> \u201cEstamos en la III Guerra Mundial, entonces el Congreso deber\u00eda lidiar con esto. Olvide la administraci\u00f3n, realizando reuniones exhaustivas, trayendo gente, a las mejores mentes pol\u00edticas para lidiar con esto\u201d, coment\u00f3 Wolf. <\/p>\n<p style=\"text-align: justify\">\u00c9l tambi\u00e9n dice que hay una conexi\u00f3n innegable entre los ataques terroristas por todo el mundo. <\/p>\n<p style=\"text-align: justify\"> \u201cHay una conexi\u00f3n entre Boko Haram, \u00e9l se afili\u00f3 con ISIS, hay una conexi\u00f3n a al Shabab en Somalia, hay una conexi\u00f3n con lo que ocurre en Libia, hay una conexi\u00f3n con lo que vimos pasar en Francia, lo que vimos que ocurri\u00f3 en San Bernadino\u201d, expres\u00f3 Wolf. <\/p>\n<p style=\"text-align: justify\">La panelista Tina Ram\u00edrez empez\u00f3 un grupo llamado \u201cHardwired Global\u201d, el cual educa l\u00edderes sobre la libertad religiosa y les motiva a pelear por cambiar leyes que oprimen minor\u00edas religiosas en sus pa\u00edses. <\/p>\n<p style=\"text-align: justify\"> \u201cSe ve por primera vez en la historia de Irak este movimiento por la libertad religiosa que comienza a emerger. Lo que hemos visto desde que entrenamos l\u00edderes en todo Irak es que est\u00e1n siendo inspirados. En realidad, han desarrollado un mayor aprecio por las personas de distintas religiones y para que puedan practicar su fe como gusten\u201d, coment\u00f3 Tina Ramirez, de Hardwired Global. <\/p>\n<p style=\"text-align: justify\">Aunque parece una situaci\u00f3n de desamparo, los panelistas son motivados por el hecho de que est\u00e1n haciendo una diferencia con las personas que ellos alcanzan. <\/p>\n<p style=\"text-align: justify\"><em>Fuente: <strong>www.MundoCristiano.tv <\/strong><\/em><\/p>\n","protected":false},"excerpt":{"rendered":"<p>Radicales isl\u00e1micos aumentan ataques hacia minor\u00edas religiosas alrededor del mundo\u2026 Recientemente, el Concilio de Investigaci\u00f3n Familiar uni\u00f3 un panel de expertos quienes advierten que la persecuci\u00f3n es una amenaza creciente para la seguridad nacional estadounidense. La libertad religiosa es un sue\u00f1o lejano para muchos cristianos que enfrentan persecuci\u00f3n diariamente. \u201cLas vidas de las minor\u00edas religiosas, &hellip; <a href=\"https:\/\/www.biblia.work\/noticias\/experto-de-libertad-religiosa-estamos-en-la-iii-guerra-mundial\/\" class=\"more-link\">Continuar leyendo<span class=\"screen-reader-text\"> \u00abExperto de libertad religiosa: \u201cEstamos en la III Guerra Mundial\u201d\u00bb<\/span><\/a><\/p>\n","protected":false},"author":1,"featured_media":0,"comment_status":"open","ping_status":"closed","sticky":false,"template":"","format":"standard","meta":{"footnotes":""},"categories":[1],"tags":[],"class_list":["post-2759","post","type-post","status-publish","format-standard","hentry","category-general"],"_links":{"self":[{"href":"https:\/\/www.biblia.work\/noticias\/wp-json\/wp\/v2\/posts\/2759","targetHints":{"allow":["GET"]}}],"collection":[{"href":"https:\/\/www.biblia.work\/noticias\/wp-json\/wp\/v2\/posts"}],"about":[{"href":"https:\/\/www.biblia.work\/noticias\/wp-json\/wp\/v2\/types\/post"}],"author":[{"embeddable":true,"href":"https:\/\/www.biblia.work\/noticias\/wp-json\/wp\/v2\/users\/1"}],"replies":[{"embeddable":true,"href":"https:\/\/www.biblia.work\/noticias\/wp-json\/wp\/v2\/comments?post=2759"}],"version-history":[{"count":0,"href":"https:\/\/www.biblia.work\/noticias\/wp-json\/wp\/v2\/posts\/2759\/revisions"}],"wp:attachment":[{"href":"https:\/\/www.biblia.work\/noticias\/wp-json\/wp\/v2\/media?parent=2759"}],"wp:term":[{"taxonomy":"category","embeddable":true,"href":"https:\/\/www.biblia.work\/noticias\/wp-json\/wp\/v2\/categories?post=2759"},{"taxonomy":"post_tag","embeddable":true,"href":"https:\/\/www.biblia.work\/noticias\/wp-json\/wp\/v2\/tags?post=2759"}],"curies":[{"name":"wp","href":"https:\/\/api.w.org\/{rel}","templated":true}]}}