{"id":2761,"date":"2016-04-15T13:15:02","date_gmt":"2016-04-15T18:15:02","guid":{"rendered":"http:\/\/www.biblia.work\/noticias\/programa-del-viaje-del-papa-francisco-a-grecia-e-isla-de-lesbos\/"},"modified":"2016-04-15T13:15:02","modified_gmt":"2016-04-15T18:15:02","slug":"programa-del-viaje-del-papa-francisco-a-grecia-e-isla-de-lesbos","status":"publish","type":"post","link":"https:\/\/www.biblia.work\/noticias\/programa-del-viaje-del-papa-francisco-a-grecia-e-isla-de-lesbos\/","title":{"rendered":"Programa del viaje del papa Francisco a Grecia e isla de Lesbos"},"content":{"rendered":"<p style=\"text-align: justify\">(ZENIT &#8211; Roma).- El santo padre Francisco\u00a0realiza este s\u00e1bado 16 de abril su treceavo viaje apost\u00f3lico fuera de Italia. En Grecia estar\u00e1 acompa\u00f1ado por el patriarca ecum\u00e9nico de Constantinopla, Bartolom\u00e9 I y por el arzobispo de Atenas y de toda Grecia, Jer\u00f3nimo II.<\/p>\n<p style=\"text-align: justify\">El huso horario de Grecia es una hora m\u00e1s tarde que el\u00a0de Italia y Europa Central y tres horas m\u00e1s tarde que en el meridiano de Greenwich. El viaje en avi\u00f3n dura dos horas.<\/p>\n<p style=\"text-align: justify\"><strong>7.00\u00a0<\/strong>&#8211; El avi\u00f3n del Papa sale del aeropuerto de Roma-Fiumicino<\/p>\n<p style=\"text-align: justify\"><strong>10.20\u00a0<\/strong>&#8211; El Boeing de Alitalia llegar\u00e1 a Mytilene. \u00a0(9.20 en Roma)<br \/>\nCeremonia de bienvenida del primer ministro Alexis Tsipras.<br \/>\nBienvenida del\u00a0patriarca ecum\u00e9nico de Constantinopla, Bartolom\u00e9 I<br \/>\ny del arzobispo de Atenas y de toda Grecia, Jer\u00f3nimo II.<br \/>\nY del presidente de la<em> Conferencia Episcopal Griega<\/em>, Fragkiskos Papamanolis, OFM.<\/p>\n<p style=\"text-align: justify\"><strong>11.00\u00a0<\/strong>&#8211; Traslado en autob\u00fas con Bartolom\u00e9 I y Jer\u00f3nimo II al campo de refugiados de M\u00f2ria.\u00a0\u00a0(10.00 en Roma)<\/p>\n<p style=\"text-align: justify\"><strong>11.15 &#8211;<\/strong> Llegada al campo de refugiados que hospeda unas 2500 personas,<br \/>\nde las cuales 150 son menores.\u00a0(10.15 en Roma)<br \/>\nLos tres cruzar\u00e1n el patio y en la gran tienda de campa\u00f1a saludar\u00e1n a los 250 solicitantes de asilo.<\/p>\n<p style=\"text-align: justify\"><strong>12.25 &#8211;<\/strong> Discursos del arzobispo Jer\u00f3nimo II, del patriarca Bartolom\u00e9 I<br \/>\ny del santo padre Francisco.\u00a0\u00a0(11.25 en Roma)<\/p>\n<p style=\"text-align: justify\"><strong>12.40 &#8211;<\/strong> Los tres l\u00edderes religiosos firmar\u00e1n una declaraci\u00f3n conjunta. (11.40 en Roma)<\/p>\n<p style=\"text-align: justify\"><strong>12.45 &#8211;<\/strong> Los tres l\u00edderes religiosos comer\u00e1n con algunos refugiados.\u00a0(11.45 en Roma)<br \/>\nen la estructura que se encuentran detr\u00e1s del podio.<\/p>\n<p style=\"text-align: justify\"><strong>13.30 &#8211;<\/strong> Traslado en autob\u00fas al puerto (8 Km) &#8211;\u00a0(12.30 en Roma)<\/p>\n<p style=\"text-align: justify\"><strong>13.45 &#8211;<\/strong> Llegada al puesto de la Guardia Costera. Encuentro con la comunidad cat\u00f3lica. (12.45 en Roma).<br \/>\n&#8211; Ceremonia en memoria de las v\u00edctimas de las migraciones y palabras del Santo Padre.<br \/>\n&#8211; Cada uno de los l\u00edderes religiosos reza una breve oraci\u00f3n por las v\u00edctimas de las migraciones.<br \/>\n&#8211; Un minuto de silencio durante los cuales\u00a0los tres l\u00edderes reciben de tres ni\u00f1os las coronas de laurel<br \/>\nque ser\u00e1n lanzadas al mar.<\/p>\n<p style=\"text-align: justify\"><strong>14:15 &#8211;<\/strong> Traslado en autob\u00fas al aeropuerto a 3 Km., de distancia.\u00a0(13.15 en Roma)<\/p>\n<p style=\"text-align: justify\"><strong>14:30 &#8211;<\/strong> Llegada al aeropuerto. Tres breves encuentros privados: (13.30 en Roma)<br \/>\n&#8211; con el arzobispo de Atenas y de toda Grecia;\u00a0con el patriarca ecum\u00e9nico y con<br \/>\nel primer ministro de Grecia.<\/p>\n<p style=\"text-align: justify\"><strong>15.00 &#8211;<\/strong>\u00a0Ceremonia de despedida\u00a0en el aeropuerto de Mytilene.\u00a0(14.00 en Roma)<br \/>\n<strong>15.15 &#8211;<\/strong> Despegue del avi\u00f3n hacia Roma, aeropuerto de Ciampino.\u00a0(14.15 en Roma)<br \/>\n<strong>16.30 &#8211;<\/strong>\u00a0hora local, llegada del avi\u00f3n al aeropuerto romano.<\/p>\n<p><span class=\"et_bloom_bottom_trigger\"><\/span><\/p>\n<p><a href=\"https:\/\/es.zenit.org\/\" target=\"_blank\" rel=\"nofollow\">Fuente: es.zenit.org<\/a><\/p>\n","protected":false},"excerpt":{"rendered":"<p>(ZENIT &#8211; Roma).- El santo padre Francisco\u00a0realiza este s\u00e1bado 16 de abril su treceavo viaje apost\u00f3lico fuera de Italia. En Grecia estar\u00e1 acompa\u00f1ado por el patriarca ecum\u00e9nico de Constantinopla, Bartolom\u00e9 I y por el arzobispo de Atenas y de toda Grecia, Jer\u00f3nimo II. El huso horario de Grecia es una hora m\u00e1s tarde que el\u00a0de &hellip; <a href=\"https:\/\/www.biblia.work\/noticias\/programa-del-viaje-del-papa-francisco-a-grecia-e-isla-de-lesbos\/\" class=\"more-link\">Continuar leyendo<span class=\"screen-reader-text\"> \u00abPrograma del viaje del papa Francisco a Grecia e isla de Lesbos\u00bb<\/span><\/a><\/p>\n","protected":false},"author":1,"featured_media":0,"comment_status":"open","ping_status":"closed","sticky":false,"template":"","format":"standard","meta":{"footnotes":""},"categories":[1],"tags":[],"class_list":["post-2761","post","type-post","status-publish","format-standard","hentry","category-general"],"_links":{"self":[{"href":"https:\/\/www.biblia.work\/noticias\/wp-json\/wp\/v2\/posts\/2761","targetHints":{"allow":["GET"]}}],"collection":[{"href":"https:\/\/www.biblia.work\/noticias\/wp-json\/wp\/v2\/posts"}],"about":[{"href":"https:\/\/www.biblia.work\/noticias\/wp-json\/wp\/v2\/types\/post"}],"author":[{"embeddable":true,"href":"https:\/\/www.biblia.work\/noticias\/wp-json\/wp\/v2\/users\/1"}],"replies":[{"embeddable":true,"href":"https:\/\/www.biblia.work\/noticias\/wp-json\/wp\/v2\/comments?post=2761"}],"version-history":[{"count":0,"href":"https:\/\/www.biblia.work\/noticias\/wp-json\/wp\/v2\/posts\/2761\/revisions"}],"wp:attachment":[{"href":"https:\/\/www.biblia.work\/noticias\/wp-json\/wp\/v2\/media?parent=2761"}],"wp:term":[{"taxonomy":"category","embeddable":true,"href":"https:\/\/www.biblia.work\/noticias\/wp-json\/wp\/v2\/categories?post=2761"},{"taxonomy":"post_tag","embeddable":true,"href":"https:\/\/www.biblia.work\/noticias\/wp-json\/wp\/v2\/tags?post=2761"}],"curies":[{"name":"wp","href":"https:\/\/api.w.org\/{rel}","templated":true}]}}