{"id":2779,"date":"2016-04-16T04:15:02","date_gmt":"2016-04-16T09:15:02","guid":{"rendered":"http:\/\/www.biblia.work\/noticias\/1115-el-viaje-a-lesbos-el-papa-saluda-a-los-refugiados\/"},"modified":"2016-04-16T04:15:02","modified_gmt":"2016-04-16T09:15:02","slug":"1115-el-viaje-a-lesbos-el-papa-saluda-a-los-refugiados","status":"publish","type":"post","link":"https:\/\/www.biblia.work\/noticias\/1115-el-viaje-a-lesbos-el-papa-saluda-a-los-refugiados\/","title":{"rendered":"11:15 \u2013 El Viaje a Lesbos: el Papa saluda a los refugiados"},"content":{"rendered":"<p style=\"text-align: justify\">(ZENIT &#8211; Roma).- El papa Francisco proveniente del aeropuerto de Mytilene, lleg\u00f3 en un veh\u00edculo de pasajeros, acompa\u00f1ado por Bartolom\u00e9 I y Jer\u00f3nimo II, al campo de refugiados de Moria, en el cual se encuentran unas 2.500 personas.<\/p>\n<div id=\"attachment_68038\" style=\"width: 1012px\" class=\"wp-caption alignleft\"><img loading=\"lazy\" decoding=\"async\" class=\"size-full wp-image-68038\" src=\"https:\/\/es.zenit.org\/wp-content\/uploads\/2016\/04\/moria.jpg\" alt=\"El Papa en el campo de Moria\" width=\"1002\" height=\"715\" \/><\/p>\n<p class=\"wp-caption-text\">El Papa en el campo de Moria saluda a los j\u00f3venes que esperan respuesta a la solicitud de asilo<\/p>\n<\/div>\n<p style=\"text-align: justify\">Al ingresar salud\u00f3 a los 150 menores que esperan obtener el estatus de refugiados y despu\u00e9s durante varios minutos a cientos de personas que le estaban detr\u00e1s de las vallas de seguridad.<\/p>\n<p style=\"text-align: justify\">Muchos de ellos, entre los cuales tantas madres con ni\u00f1os, especificaban sus pa\u00edses de origen: Sira, Ir\u00e1n, Irak, Afganist\u00e1n y tambi\u00e9n sus etnias, como los Yazidis. Bartolom\u00e9 I y Jer\u00f3nimo II le acompa\u00f1aron en este recorrido que sigui\u00f3 en el interior de una gran carpa.<\/p>\n<div id=\"attachment_68043\" style=\"width: 945px\" class=\"wp-caption alignleft\"><img loading=\"lazy\" decoding=\"async\" class=\"size-full wp-image-68043\" src=\"https:\/\/es.zenit.org\/wp-content\/uploads\/2016\/04\/l-ragazzi-yazidi.jpg\" alt=\"Ni\u00f1os yazidi en el campo de refugiados de Moria\" width=\"935\" height=\"725\" \/><\/p>\n<p class=\"wp-caption-text\">Ni\u00f1os yazidi en el campo de refugiados de Moria<\/p>\n<\/div>\n<p style=\"text-align: justify\">Se vieron gestos de gran humanidad y ternura, como cuando el Papa se inclin\u00f3 para recoger el biber\u00f3n que se le hab\u00eda ca\u00eddo a una se\u00f1ora que cargaba su beb\u00e9. Algunos\u00a0ni\u00f1os le entregaron dibujos y que el Papa pidi\u00f3 a sus colaboradores que los llevaran sin doblarlos; y se escucharon palabras de \u00e1nimo. Alguno le pidi\u00f3 al Papa algo de recuerdo, como una estampita, y no faltaron\u00a0personas que\u00a0lloraron y le agradecieron. Un coro de ni\u00f1os le dedic\u00f3 una canci\u00f3n.<\/p>\n<p style=\"text-align: justify\">Se sinti\u00f3 durante el recorrido el mensaje que el Papa hab\u00eda dado en un &#8216;tuit&#8217; antes de partir:\u00a0\u201cLos refugiados no son n\u00fameros sino personas, con nombres, rostros e historias y\u00a0deben ser tratados como tales\u201d.<\/p>\n<p><span class=\"et_bloom_bottom_trigger\"><\/span><\/p>\n<p><a href=\"https:\/\/es.zenit.org\/\" target=\"_blank\" rel=\"nofollow\">Fuente: es.zenit.org<\/a><\/p>\n","protected":false},"excerpt":{"rendered":"<p>(ZENIT &#8211; Roma).- El papa Francisco proveniente del aeropuerto de Mytilene, lleg\u00f3 en un veh\u00edculo de pasajeros, acompa\u00f1ado por Bartolom\u00e9 I y Jer\u00f3nimo II, al campo de refugiados de Moria, en el cual se encuentran unas 2.500 personas. El Papa en el campo de Moria saluda a los j\u00f3venes que esperan respuesta a la solicitud &hellip; <a href=\"https:\/\/www.biblia.work\/noticias\/1115-el-viaje-a-lesbos-el-papa-saluda-a-los-refugiados\/\" class=\"more-link\">Continuar leyendo<span class=\"screen-reader-text\"> \u00ab11:15 \u2013 El Viaje a Lesbos: el Papa saluda a los refugiados\u00bb<\/span><\/a><\/p>\n","protected":false},"author":1,"featured_media":0,"comment_status":"open","ping_status":"closed","sticky":false,"template":"","format":"standard","meta":{"footnotes":""},"categories":[1],"tags":[],"class_list":["post-2779","post","type-post","status-publish","format-standard","hentry","category-general"],"_links":{"self":[{"href":"https:\/\/www.biblia.work\/noticias\/wp-json\/wp\/v2\/posts\/2779","targetHints":{"allow":["GET"]}}],"collection":[{"href":"https:\/\/www.biblia.work\/noticias\/wp-json\/wp\/v2\/posts"}],"about":[{"href":"https:\/\/www.biblia.work\/noticias\/wp-json\/wp\/v2\/types\/post"}],"author":[{"embeddable":true,"href":"https:\/\/www.biblia.work\/noticias\/wp-json\/wp\/v2\/users\/1"}],"replies":[{"embeddable":true,"href":"https:\/\/www.biblia.work\/noticias\/wp-json\/wp\/v2\/comments?post=2779"}],"version-history":[{"count":0,"href":"https:\/\/www.biblia.work\/noticias\/wp-json\/wp\/v2\/posts\/2779\/revisions"}],"wp:attachment":[{"href":"https:\/\/www.biblia.work\/noticias\/wp-json\/wp\/v2\/media?parent=2779"}],"wp:term":[{"taxonomy":"category","embeddable":true,"href":"https:\/\/www.biblia.work\/noticias\/wp-json\/wp\/v2\/categories?post=2779"},{"taxonomy":"post_tag","embeddable":true,"href":"https:\/\/www.biblia.work\/noticias\/wp-json\/wp\/v2\/tags?post=2779"}],"curies":[{"name":"wp","href":"https:\/\/api.w.org\/{rel}","templated":true}]}}