{"id":2915,"date":"2016-04-21T02:15:02","date_gmt":"2016-04-21T07:15:02","guid":{"rendered":"http:\/\/www.biblia.work\/noticias\/terremoto-en-ecuador-la-iglesia-esta-en-la-primera-linea\/"},"modified":"2016-04-21T02:15:02","modified_gmt":"2016-04-21T07:15:02","slug":"terremoto-en-ecuador-la-iglesia-esta-en-la-primera-linea","status":"publish","type":"post","link":"https:\/\/www.biblia.work\/noticias\/terremoto-en-ecuador-la-iglesia-esta-en-la-primera-linea\/","title":{"rendered":"Terremoto en Ecuador: la Iglesia est\u00e1 en la primera l\u00ednea"},"content":{"rendered":"<p style=\"text-align: justify\">(ZENIT &#8211; Roma).- El s\u00e1bado pasado, poco antes de las 19 horas locales un terremoto de 7,8 grados Richter golpe\u00f3 fuerte a Ecuador. ZENIT pudo contactar telef\u00f3nicamente a Mons. Lorenzo Vitolini, 69 a\u00f1os, enviado como sacerdote a Ecuador hace 37 a\u00f1os. El arzobispo de Portoviejo que en su escudo tiene el lema \u201cUt vitam habeant\u201d nos indic\u00f3 la dram\u00e1tica situaci\u00f3n que se vive y la dificultad de retomar una vida normal. Se\u00f1ala tambi\u00e9n\u00a0el esfuerzo de la Iglesia para estar en primera l\u00ednea y muy cerca de la gente, as\u00ed como de la religiosidad del pueblo que pide la bendici\u00f3n a los muertos antes que otro tipo de ayuda. Y que las palabras del Papa y sus oraciones fueron recibidas con gran alegr\u00eda.<\/p>\n<p style=\"text-align: justify\"><strong>\u00bfCu\u00e1l es la actual situaci\u00f3n en su arquidi\u00f3cesis?<br \/>\n<\/strong>&#8212; Mons. Voltolini: La situaci\u00f3n es dram\u00e1tica, la destrucci\u00f3n es grande, nadie estaba preparado para una cat\u00e1strofe tan grande, similar a la que sufri\u00f3 Hait\u00ed, porque seg\u00fan los expertos el terremoto fue de 7,8 grados de la escala Richter, pero la fuerza desprendida fue mucho mayor. La destrucci\u00f3n es grande y hay gente a\u00fan debajo de las escombros. Los muertos acertados son casi 600, la zona m\u00e1s golpeada es la regi\u00f3n de Manab\u00ed, cuya capital es Portoviejo. No se puede estimar a\u00fan el valor de los da\u00f1os, s\u00ed que son enormes.<\/p>\n<p style=\"text-align: justify\"><strong>\u00bfLa Iglesia logra estar\u00a0en primera l\u00ednea junto a la gente en este momento?<br \/>\n<\/strong>&#8212; Mons. Voltolini: Seguramente s\u00ed, porque todo los que recibimos lo entregamos a los m\u00e1s necesitados. Estamos cerca de nuestra gente, sufrimos nosotros como ellos. Claro se ve m\u00e1s lo que hace el gobierno porque est\u00e1 acompa\u00f1ado de la publicidad del sistema.<\/p>\n<p style=\"text-align: justify\"><strong>El Papa en dos oportunidades dijo que reza por ustedes y les est\u00e1 cerca. \u00bfC\u00f3mo sienten esto?<br \/>\n<\/strong>&#8212; Mons. Voltolini: S\u00ed, y desde el\u00a0primer domingo en el Regina Coeli cuando el Papa anunci\u00f3 lo que hab\u00eda pasado en Ecuador. Esto nos conforta mucho y nos sostiene. Se reciben con alegr\u00eda las palabras del Papa. He tratado de de difundirlas lo m\u00e1s posible porque la radio y televisi\u00f3n encuentran dificultad en llegar, pero el d\u00eda despu\u00e9s fueron puestas en primera p\u00e1gina.<\/p>\n<p style=\"text-align: justify\"><strong>\u00bfC\u00f3mo se est\u00e1 enfrentando la cat\u00e1strofe?<br \/>\n<\/strong>&#8212; Mons. Voltolini: El gobierno ha hecho su parte bastante bien, porque se ha movido la defensa civil, la protecci\u00f3n civil, el ej\u00e9rcito y est\u00e1n llegando las cosas. Entretanto muchos recurren a la Iglesia. En el consorcio o centro de recolecci\u00f3n Pablo VI estamos recibiendo las donaciones que distribuimos sea en Portoviejo que en la ciudad portuaria de Manta y en Pedernales. La entrega se hace a trav\u00e9s de las parroquias que tienen sus unidades C\u00e1ritas que hacen llegar la ayuda a los m\u00e1s necesitados. Porque si ninguno controla, alguno recibe tres veces y otro nada.<\/p>\n<p style=\"text-align: justify\"><strong>\u00bfHan sentido la solidaridad del resto del pa\u00eds y de las naciones vecinas?<br \/>\n<\/strong>&#8212; Mons. Voltolini: S\u00ed. muchos obispos me han llamado indicando que est\u00e1n organizando a sus C\u00e1ritas, muchas las organizaciones que est\u00e1n ofreciendo su ayuda. En el momento de la necesidad si bien de un lado se desarrollan la caridad y el voluntariado, de otro lado se producen movimientos de desesperaci\u00f3n que no favorecen esta situaci\u00f3n y la rebeli\u00f3n se hace sentir, porque a veces hay una distribuci\u00f3n que no es equitativa.<\/p>\n<p style=\"text-align: justify\"><strong>\u00bfC\u00f3mo explicarle a la gente esta cat\u00e1strofe?<br \/>\n<\/strong>&#8212; Mons. Voltolini: Aqu\u00ed hay terremotos con frecuencia, nuestra gente es muy religiosa y la primera cosa que hacen cuando hay terremotos es rezarle al Se\u00f1or. Lo\u00a0que nos ped\u00edan antes de todo, no eran alimentos sino la bendici\u00f3n. Ahora en cambio inicia en cambio el momento de volver a la normalidad y esto lo estamos sintiendo dif\u00edcil.<\/p>\n<p><span class=\"et_bloom_bottom_trigger\"><\/span><\/p>\n<p><a href=\"https:\/\/es.zenit.org\/\" target=\"_blank\" rel=\"nofollow\">Fuente: es.zenit.org<\/a><\/p>\n","protected":false},"excerpt":{"rendered":"<p>(ZENIT &#8211; Roma).- El s\u00e1bado pasado, poco antes de las 19 horas locales un terremoto de 7,8 grados Richter golpe\u00f3 fuerte a Ecuador. ZENIT pudo contactar telef\u00f3nicamente a Mons. Lorenzo Vitolini, 69 a\u00f1os, enviado como sacerdote a Ecuador hace 37 a\u00f1os. El arzobispo de Portoviejo que en su escudo tiene el lema \u201cUt vitam habeant\u201d &hellip; <a href=\"https:\/\/www.biblia.work\/noticias\/terremoto-en-ecuador-la-iglesia-esta-en-la-primera-linea\/\" class=\"more-link\">Continuar leyendo<span class=\"screen-reader-text\"> \u00abTerremoto en Ecuador: la Iglesia est\u00e1 en la primera l\u00ednea\u00bb<\/span><\/a><\/p>\n","protected":false},"author":1,"featured_media":0,"comment_status":"open","ping_status":"closed","sticky":false,"template":"","format":"standard","meta":{"footnotes":""},"categories":[1],"tags":[],"class_list":["post-2915","post","type-post","status-publish","format-standard","hentry","category-general"],"_links":{"self":[{"href":"https:\/\/www.biblia.work\/noticias\/wp-json\/wp\/v2\/posts\/2915","targetHints":{"allow":["GET"]}}],"collection":[{"href":"https:\/\/www.biblia.work\/noticias\/wp-json\/wp\/v2\/posts"}],"about":[{"href":"https:\/\/www.biblia.work\/noticias\/wp-json\/wp\/v2\/types\/post"}],"author":[{"embeddable":true,"href":"https:\/\/www.biblia.work\/noticias\/wp-json\/wp\/v2\/users\/1"}],"replies":[{"embeddable":true,"href":"https:\/\/www.biblia.work\/noticias\/wp-json\/wp\/v2\/comments?post=2915"}],"version-history":[{"count":0,"href":"https:\/\/www.biblia.work\/noticias\/wp-json\/wp\/v2\/posts\/2915\/revisions"}],"wp:attachment":[{"href":"https:\/\/www.biblia.work\/noticias\/wp-json\/wp\/v2\/media?parent=2915"}],"wp:term":[{"taxonomy":"category","embeddable":true,"href":"https:\/\/www.biblia.work\/noticias\/wp-json\/wp\/v2\/categories?post=2915"},{"taxonomy":"post_tag","embeddable":true,"href":"https:\/\/www.biblia.work\/noticias\/wp-json\/wp\/v2\/tags?post=2915"}],"curies":[{"name":"wp","href":"https:\/\/api.w.org\/{rel}","templated":true}]}}