{"id":2918,"date":"2016-04-21T06:15:03","date_gmt":"2016-04-21T11:15:03","guid":{"rendered":"http:\/\/www.biblia.work\/noticias\/el-papa-en-santa-marta-hagamos-memoria-de-como-dios-nos-ha-salvado\/"},"modified":"2016-04-21T06:15:03","modified_gmt":"2016-04-21T11:15:03","slug":"el-papa-en-santa-marta-hagamos-memoria-de-como-dios-nos-ha-salvado","status":"publish","type":"post","link":"https:\/\/www.biblia.work\/noticias\/el-papa-en-santa-marta-hagamos-memoria-de-como-dios-nos-ha-salvado\/","title":{"rendered":"El Papa en Santa Marta: \u201cHagamos memoria de c\u00f3mo Dios nos ha salvado"},"content":{"rendered":"<p style=\"text-align: justify\">(ZENIT &#8211; Ciudad del Vaticano).- Recordarse de los modos y circunstancias en las que Dios se hizo presente en nuestras vidas, refuerza el camino de la fe. Es el pensamiento central del papa Francisco en la homil\u00eda de este jueves en la Casa Santa Marta.<\/p>\n<p style=\"text-align: justify\">Porque la fe es un camino y a medida que lo transitamos hay que recordarse de lo que sucedi\u00f3. De las cosas bellas que Dios ha realizado en nuestro camino y tambi\u00e9n de los obst\u00e1culos, los rechazos, porque \u201cDios camina con nosotros y no se asusta de nuestras maldades\u201d.<\/p>\n<p style=\"text-align: justify\">Y citando\u00a0la primera lectura, se\u00f1ala que\u00a0Pablo entra en la sinagoga de Antioqu\u00eda e inicia a anunciar el Evangelio, partiendo del pueblo elegido, pasando por Abraham y Mois\u00e9s, Egipto y la Tierra Prometida, hasta llegar a Jes\u00fas. Es una predicaci\u00f3n hist\u00f3rica la que adoptan los disc\u00edpulos y es fundamental, porque permite recordar momentos importantes que son signos de la presencia de Dios en la vida del hombre.<\/p>\n<p style=\"text-align: justify\">Por ello el Santo Padre invit\u00f3 a volver hacia atr\u00e1s con el coraz\u00f3n y la mente \u201cpara ver como Dios nos ha salvado\u201d. Y as\u00ed como en el jueves y viernes santos, en la Cena Jes\u00fas al darnos su cuerpo y sangre nos dice: \u201chagan esto en memoria de mi\u201d, debemos \u201chacer memoria de c\u00f3mo Dios nos ha salvado\u201d.<\/p>\n<p style=\"text-align: justify\">La Iglesia, explica Francisco, llama \u201cmemorial\u201d al sacramento de la eucarist\u00eda, y en la biblia el Deuteronomio se llama \u201cel Libro de la memoria de Israel\u201d. Y tambi\u00e9n nosotros debemos recordar que \u201ccada uno de nosotros ha hecho un camino, acompa\u00f1ado por Dios, cerca de Dios\u201d o \u201calej\u00e1ndonos del Se\u00f1or\u201d.<\/p>\n<p style=\"text-align: justify\">&#8220;Hacer memoria con frecuencia, de las cosas bellas, para hacer nacer un &#8216;gracias&#8217; de coraz\u00f3n a Jes\u00fas, que no deja nunca de caminar en nuestra historia.<\/p>\n<p style=\"text-align: justify\">\u201cCu\u00e1ntas veces &#8211;se\u00f1ala Francisco&#8211; le hemos cerrado la puerta en la cara, cu\u00e1ntas veces hemos hecho como si no lo ve\u00edamos, cu\u00e1ntas veces no hemos cre\u00eddo\u00a0que \u00c9l estaba con nosotros; cu\u00e1ntas veces hemos renegado a su salvaci\u00f3n&#8230; Pero \u00e9l estaba all\u00ed\u201d.<\/p>\n<p style=\"text-align: justify\">\u201cY les doy un consejo simple: hagan memoria. \u00bfC\u00f3mo ha sido mi vida, c\u00f3mo ha sido hoy mi d\u00eda o este \u00faltimo a\u00f1o? Memoria. \u00bfC\u00f3mo fueron mis relaciones con el Se\u00f1or? Memoria de las cosas grandes y bellas que el Se\u00f1or ha hecho en la vida de cada uno de nosotros\u201d.<\/p>\n<p><span class=\"et_bloom_bottom_trigger\"><\/span><\/p>\n<p><a href=\"https:\/\/es.zenit.org\/\" target=\"_blank\" rel=\"nofollow\">Fuente: es.zenit.org<\/a><\/p>\n","protected":false},"excerpt":{"rendered":"<p>(ZENIT &#8211; Ciudad del Vaticano).- Recordarse de los modos y circunstancias en las que Dios se hizo presente en nuestras vidas, refuerza el camino de la fe. Es el pensamiento central del papa Francisco en la homil\u00eda de este jueves en la Casa Santa Marta. Porque la fe es un camino y a medida que &hellip; <a href=\"https:\/\/www.biblia.work\/noticias\/el-papa-en-santa-marta-hagamos-memoria-de-como-dios-nos-ha-salvado\/\" class=\"more-link\">Continuar leyendo<span class=\"screen-reader-text\"> \u00abEl Papa en Santa Marta: \u201cHagamos memoria de c\u00f3mo Dios nos ha salvado\u00bb<\/span><\/a><\/p>\n","protected":false},"author":1,"featured_media":0,"comment_status":"open","ping_status":"closed","sticky":false,"template":"","format":"standard","meta":{"footnotes":""},"categories":[1],"tags":[],"class_list":["post-2918","post","type-post","status-publish","format-standard","hentry","category-general"],"_links":{"self":[{"href":"https:\/\/www.biblia.work\/noticias\/wp-json\/wp\/v2\/posts\/2918","targetHints":{"allow":["GET"]}}],"collection":[{"href":"https:\/\/www.biblia.work\/noticias\/wp-json\/wp\/v2\/posts"}],"about":[{"href":"https:\/\/www.biblia.work\/noticias\/wp-json\/wp\/v2\/types\/post"}],"author":[{"embeddable":true,"href":"https:\/\/www.biblia.work\/noticias\/wp-json\/wp\/v2\/users\/1"}],"replies":[{"embeddable":true,"href":"https:\/\/www.biblia.work\/noticias\/wp-json\/wp\/v2\/comments?post=2918"}],"version-history":[{"count":0,"href":"https:\/\/www.biblia.work\/noticias\/wp-json\/wp\/v2\/posts\/2918\/revisions"}],"wp:attachment":[{"href":"https:\/\/www.biblia.work\/noticias\/wp-json\/wp\/v2\/media?parent=2918"}],"wp:term":[{"taxonomy":"category","embeddable":true,"href":"https:\/\/www.biblia.work\/noticias\/wp-json\/wp\/v2\/categories?post=2918"},{"taxonomy":"post_tag","embeddable":true,"href":"https:\/\/www.biblia.work\/noticias\/wp-json\/wp\/v2\/tags?post=2918"}],"curies":[{"name":"wp","href":"https:\/\/api.w.org\/{rel}","templated":true}]}}