{"id":2919,"date":"2016-04-21T08:15:02","date_gmt":"2016-04-21T13:15:02","guid":{"rendered":"http:\/\/www.biblia.work\/noticias\/el-papa-a-la-caritas-el-senor-golpea-a-nuestra-puerta-con-el-rostro-del-necesitado\/"},"modified":"2016-04-21T08:15:02","modified_gmt":"2016-04-21T13:15:02","slug":"el-papa-a-la-caritas-el-senor-golpea-a-nuestra-puerta-con-el-rostro-del-necesitado","status":"publish","type":"post","link":"https:\/\/www.biblia.work\/noticias\/el-papa-a-la-caritas-el-senor-golpea-a-nuestra-puerta-con-el-rostro-del-necesitado\/","title":{"rendered":"El Papa a la C\u00e1ritas: \u2018El Se\u00f1or golpea a nuestra puerta con el rostro del necesitado\u2019"},"content":{"rendered":"<p style=\"text-align: justify\">(ZENIT \u2013 Ciudad del Vaticano).- El papa Francisco recibi\u00f3 este jueves en el Vaticano a los participantes del 38\u00b0 Congreso de la C\u00e1ritas de las di\u00f3cesis italianas, que se ha desarrollado del 18 al 21 de abril en \u201cFraterna Domus\u201d a pocos kil\u00f3metros de Roma sobre el tema: &#8220;Misericordiosos come el Padre\u201d.<\/p>\n<p style=\"text-align: justify\">Francisco les record\u00f3 a los presentes que la misi\u00f3n educativa de la Caritas, \u201cpide un amor concreto hacia cada ser humano, con una opci\u00f3n preferencial por los pobres para los cuales el mismo Jes\u00fas nos pide ayuda y cercan\u00eda\u201d.<\/p>\n<p style=\"text-align: justify\">Por ello les solicita que el servicio caritativo est\u00e9 dirigido a toda la comunidad cristiana, de manera que la sociedad crezca en la caridad y sepa encontrar caminos siempre nuevos, capaz de leer y enfrentar las situaciones que oprimen a millones de personas.<\/p>\n<p style=\"text-align: justify\">Hoy existen, indica el Papa, \u201cdesaf\u00edos globales que siembran miedo, iniquidad, especulaci\u00f3n financiera incluso sobre los alimentos, el degrado ambiental y guerras. Delante a estos retos,\u00a0adem\u00e1s del trabajo cotidiano \u201ces necesario llevar adelante el empe\u00f1o de educar al encuentro respetuoso y fraterno entre culturas y civilizaciones, el cuidado de la creaci\u00f3n, para una ecolog\u00eda integral\u201d. O sea educar a &#8220;un estilo de vida responsable&#8221;, iniciado &#8220;por individuales grupos y en las parroquias&#8221;.<\/p>\n<p style=\"text-align: justify\">El Santo Padre invit\u00f3 tambi\u00e9n a estar cerca de los inmigrantes y a gestionar el tema con pol\u00edticas que miren lejos, entendiendo que ellos son una riqueza y un recurso, siguiendo a \u201ctantos hermosos ejemplos que tenemos en nuestras comunidades\u201d.<\/p>\n<p style=\"text-align: justify\">Les record\u00f3 adem\u00e1s, que la familia es en si misma una &#8216;Caritas&#8217; porque Dios mismo la ha hecho as\u00ed: el alma de la\u00a0familia y de su misi\u00f3n es el amor. \u201cLas respuestas a muchos malestares pueden ser ofrecidos justamente por aquellas familias que, superando la tentaci\u00f3n de la &#8216;solidaridad corta y epis\u00f3dica&#8217;\u201d elijen colaborar entre ellas y con los otros servicios. ofreciendo su propia disponibilidad.<\/p>\n<p style=\"text-align: justify\">El Pont\u00edfice concluy\u00f3 sus palabras invitando a responder al Se\u00f1or en los necesitados. \u201c\u00c9l est\u00e1 en la puerta de nuestro coraz\u00f3n, en nuestras comunidades, esperando que alguien responda a su golpear discreto e insistente: espera la caridad, o sea la caricia misericordiosa del Se\u00f1or a trav\u00e9s de la mano de la Iglesia\u201d.<\/p>\n<p><span class=\"et_bloom_bottom_trigger\"><\/span><\/p>\n<p><a href=\"https:\/\/es.zenit.org\/\" target=\"_blank\" rel=\"nofollow\">Fuente: es.zenit.org<\/a><\/p>\n","protected":false},"excerpt":{"rendered":"<p>(ZENIT \u2013 Ciudad del Vaticano).- El papa Francisco recibi\u00f3 este jueves en el Vaticano a los participantes del 38\u00b0 Congreso de la C\u00e1ritas de las di\u00f3cesis italianas, que se ha desarrollado del 18 al 21 de abril en \u201cFraterna Domus\u201d a pocos kil\u00f3metros de Roma sobre el tema: &#8220;Misericordiosos come el Padre\u201d. Francisco les record\u00f3 &hellip; <a href=\"https:\/\/www.biblia.work\/noticias\/el-papa-a-la-caritas-el-senor-golpea-a-nuestra-puerta-con-el-rostro-del-necesitado\/\" class=\"more-link\">Continuar leyendo<span class=\"screen-reader-text\"> \u00abEl Papa a la C\u00e1ritas: \u2018El Se\u00f1or golpea a nuestra puerta con el rostro del necesitado\u2019\u00bb<\/span><\/a><\/p>\n","protected":false},"author":1,"featured_media":0,"comment_status":"open","ping_status":"closed","sticky":false,"template":"","format":"standard","meta":{"footnotes":""},"categories":[1],"tags":[],"class_list":["post-2919","post","type-post","status-publish","format-standard","hentry","category-general"],"_links":{"self":[{"href":"https:\/\/www.biblia.work\/noticias\/wp-json\/wp\/v2\/posts\/2919","targetHints":{"allow":["GET"]}}],"collection":[{"href":"https:\/\/www.biblia.work\/noticias\/wp-json\/wp\/v2\/posts"}],"about":[{"href":"https:\/\/www.biblia.work\/noticias\/wp-json\/wp\/v2\/types\/post"}],"author":[{"embeddable":true,"href":"https:\/\/www.biblia.work\/noticias\/wp-json\/wp\/v2\/users\/1"}],"replies":[{"embeddable":true,"href":"https:\/\/www.biblia.work\/noticias\/wp-json\/wp\/v2\/comments?post=2919"}],"version-history":[{"count":0,"href":"https:\/\/www.biblia.work\/noticias\/wp-json\/wp\/v2\/posts\/2919\/revisions"}],"wp:attachment":[{"href":"https:\/\/www.biblia.work\/noticias\/wp-json\/wp\/v2\/media?parent=2919"}],"wp:term":[{"taxonomy":"category","embeddable":true,"href":"https:\/\/www.biblia.work\/noticias\/wp-json\/wp\/v2\/categories?post=2919"},{"taxonomy":"post_tag","embeddable":true,"href":"https:\/\/www.biblia.work\/noticias\/wp-json\/wp\/v2\/tags?post=2919"}],"curies":[{"name":"wp","href":"https:\/\/api.w.org\/{rel}","templated":true}]}}