{"id":2923,"date":"2016-04-21T10:15:02","date_gmt":"2016-04-21T15:15:02","guid":{"rendered":"http:\/\/www.biblia.work\/noticias\/roma-tres-dias-de-alegria-para-60-mil-adolescentes-que-festejan-su-jubileo\/"},"modified":"2016-04-21T10:15:02","modified_gmt":"2016-04-21T15:15:02","slug":"roma-tres-dias-de-alegria-para-60-mil-adolescentes-que-festejan-su-jubileo","status":"publish","type":"post","link":"https:\/\/www.biblia.work\/noticias\/roma-tres-dias-de-alegria-para-60-mil-adolescentes-que-festejan-su-jubileo\/","title":{"rendered":"Roma: tres d\u00edas de alegr\u00eda para 60 mil adolescentes que festejan su jubileo"},"content":{"rendered":"<p style=\"text-align: justify\">(ZENIT &#8211; Roma).- \u00a0Miles de muchachos y muchachas de Italia y del mundo, llegar\u00e1n del s\u00e1bado 23 al lunes 25 de abril a Roma, en ocasi\u00f3n del Jubileo de los adolescentes.<\/p>\n<p style=\"text-align: justify\">El columnado de San Pedro se transformar\u00e1 as\u00ed en un gran &#8216;confesionario&#8217; y estar\u00e1n adem\u00e1s &#8216;las tiendas o carpas de la misericordia&#8217; en el centro de la Ciudad.\u00a0Ser\u00e1n tres d\u00edas de intenso programa, con oraci\u00f3n, confesi\u00f3n y peregrinaci\u00f3n a la Puerta Santa de la bas\u00edlica de San Pedro y otros eventos.<\/p>\n<p style=\"text-align: justify\">El momento m\u00e1s importante ser\u00e1 este pr\u00f3ximo domingo, cuando unos 60 mil j\u00f3venes de 13 a 16 a\u00f1os llenar\u00e1n la Plaza de San Pedro junto al Papa Francisco, de acuerdo a los\u00a0datos difundidos por la di\u00f3cesis de Roma.<\/p>\n<p style=\"text-align: justify\">\u201cEste tiempo precioso &#8211;les escribi\u00f3 el Papa&#8211; tambi\u00e9n los invita a ustedes, queridos chicos y chicas a tomar parte, a convertirse en protagonistas, descubri\u00e9ndose hijos de Dios\u201d.\u00a0El Pont\u00edfice los exhort\u00f3 adem\u00e1s a sentirse llamados a vivir el<em> A\u00f1o Santo de la Misericordia<\/em> participando a este gran evento con el tema \u201c<em>Crecer misericordiosos como el Padre<\/em>\u201d.<\/p>\n<p style=\"text-align: justify\">El s\u00e1bado 23 de abril habr\u00e1 confesores para los j\u00f3venes disponibles en\u00a0tres iglesia jubilares: San Salvatore in Lauro, Chiesa Nuova y San Giovanni Battista dei Fiorentini. Y\u00a0desde\u00a0&#8216;Castel Sant&#8217;Angelo&#8217; habr\u00e1 una caminata por la V\u00eda de la Conciliaci\u00f3n hasta la Puerta Santa en la bas\u00edlica de San Pedro.<\/p>\n<p style=\"text-align: justify\">&#8220;La c\u00e9lebre columnata de Bernini se transformar\u00e1 en el abrazo del Padre que los adolescentes podr\u00e1n experimentar gracias a 150 sacerdotes que administrar\u00e1n el sacramento de la Reconciliaci\u00f3n desde la ma\u00f1ana hasta las 17:30 horas&#8221; indica la di\u00f3cesis de Roma.<\/p>\n<p style=\"text-align: justify\">Terminado el recorrido jubilar en interior de la Bas\u00edlica con la profesi\u00f3n de fe ante la tumba de San Pedro, los j\u00f3venes se dirigir\u00e1n al Estadio Ol\u00edmpico para una gran fiesta. All\u00ed\u00a0desde la tarde se realizar\u00e1n\u00a0diversos espect\u00e1culos, con artistas, m\u00fasica y exhibiciones de teatro y testimonios.<\/p>\n<p style=\"text-align: justify\">El domingo 24 ser\u00e1 la santa misa celebrada por el papa Francisco en la Plaza de San Pedro.\u00a0La jornada proseguir\u00e1 con la visita a las carpas o tiendas de la Misericordia, alistadas\u00a0desde el s\u00e1bado hasta el lunes en siete plazas del centro hist\u00f3rico de Roma para que los adolescentes y habitantes de Roma compartan testimonios de obras de misericordia espirituales y corporales.<\/p>\n<p style=\"text-align: justify\">La mayor parte de los adolescentes ser\u00e1n hospedados en las parroquias romanas. Son 200 las comunidades que respondieron a la invitaci\u00f3n del <em>Servicio para la Pastoral Juvenil<\/em> de la Di\u00f3cesis de Roma y del <em>Centro de Oratorios Romanos<\/em>.\u00a0En estos d\u00edas la Polic\u00eda italiana pondr\u00e1 a disposici\u00f3n un caravan en la explanada de Castel Sant&#8217;Angelo para informar a los j\u00f3venes sobre el uso responsable de internet y las redes sociales.<\/p>\n<p><span class=\"et_bloom_bottom_trigger\"><\/span><\/p>\n<p><a href=\"https:\/\/es.zenit.org\/\" target=\"_blank\" rel=\"nofollow\">Fuente: es.zenit.org<\/a><\/p>\n","protected":false},"excerpt":{"rendered":"<p>(ZENIT &#8211; Roma).- \u00a0Miles de muchachos y muchachas de Italia y del mundo, llegar\u00e1n del s\u00e1bado 23 al lunes 25 de abril a Roma, en ocasi\u00f3n del Jubileo de los adolescentes. El columnado de San Pedro se transformar\u00e1 as\u00ed en un gran &#8216;confesionario&#8217; y estar\u00e1n adem\u00e1s &#8216;las tiendas o carpas de la misericordia&#8217; en el &hellip; <a href=\"https:\/\/www.biblia.work\/noticias\/roma-tres-dias-de-alegria-para-60-mil-adolescentes-que-festejan-su-jubileo\/\" class=\"more-link\">Continuar leyendo<span class=\"screen-reader-text\"> \u00abRoma: tres d\u00edas de alegr\u00eda para 60 mil adolescentes que festejan su jubileo\u00bb<\/span><\/a><\/p>\n","protected":false},"author":1,"featured_media":0,"comment_status":"open","ping_status":"closed","sticky":false,"template":"","format":"standard","meta":{"footnotes":""},"categories":[1],"tags":[],"class_list":["post-2923","post","type-post","status-publish","format-standard","hentry","category-general"],"_links":{"self":[{"href":"https:\/\/www.biblia.work\/noticias\/wp-json\/wp\/v2\/posts\/2923","targetHints":{"allow":["GET"]}}],"collection":[{"href":"https:\/\/www.biblia.work\/noticias\/wp-json\/wp\/v2\/posts"}],"about":[{"href":"https:\/\/www.biblia.work\/noticias\/wp-json\/wp\/v2\/types\/post"}],"author":[{"embeddable":true,"href":"https:\/\/www.biblia.work\/noticias\/wp-json\/wp\/v2\/users\/1"}],"replies":[{"embeddable":true,"href":"https:\/\/www.biblia.work\/noticias\/wp-json\/wp\/v2\/comments?post=2923"}],"version-history":[{"count":0,"href":"https:\/\/www.biblia.work\/noticias\/wp-json\/wp\/v2\/posts\/2923\/revisions"}],"wp:attachment":[{"href":"https:\/\/www.biblia.work\/noticias\/wp-json\/wp\/v2\/media?parent=2923"}],"wp:term":[{"taxonomy":"category","embeddable":true,"href":"https:\/\/www.biblia.work\/noticias\/wp-json\/wp\/v2\/categories?post=2923"},{"taxonomy":"post_tag","embeddable":true,"href":"https:\/\/www.biblia.work\/noticias\/wp-json\/wp\/v2\/tags?post=2923"}],"curies":[{"name":"wp","href":"https:\/\/api.w.org\/{rel}","templated":true}]}}