{"id":2927,"date":"2016-04-21T11:15:02","date_gmt":"2016-04-21T16:15:02","guid":{"rendered":"http:\/\/www.biblia.work\/noticias\/francisco-saluda-a-la-comunidad-judia-por-la-pascua-hebrea\/"},"modified":"2016-04-21T11:15:02","modified_gmt":"2016-04-21T16:15:02","slug":"francisco-saluda-a-la-comunidad-judia-por-la-pascua-hebrea","status":"publish","type":"post","link":"https:\/\/www.biblia.work\/noticias\/francisco-saluda-a-la-comunidad-judia-por-la-pascua-hebrea\/","title":{"rendered":"Francisco saluda a la comunidad jud\u00eda por la pascua hebrea"},"content":{"rendered":"<p style=\"text-align: justify\">(ZENIT \u2013 Roma).- El papa Francisco ha enviado este jueves un telegrama\u00a0al gran rabino de Roma, Riccardo di Segni, expresando sus mejores deseos para esta fiesta de la pascua jud\u00eda, P\u00e1saj, que celebran y que comienza este viernes por la noche. La celebraci\u00f3n evoca\u00a0la liberaci\u00f3n del pueblo jud\u00edo de la esclavitud en Egipto.<\/p>\n<p style=\"text-align: justify\">En el telegrama el Santo Padre tambi\u00e9n recuerda con afecto el encuentro que tuvo en enero pasado con la comunidad jud\u00eda de Roma y su visita al Templo Mayor.<\/p>\n<p style=\"text-align: justify\">\u201cRecordando con gratitud renovada nuestro encuentro del pasado 17 de enero cuando fui recibido cordialmente por usted y la comunidad hebrea de la ciudad en el Templo Mayor, quiero expresarle mis mejores deseos para la fiesta de P\u00e9saj que recuerda que el Todopoderoso liber\u00f3 a su amado pueblo de la esclavitud y lo condujo a la tierra prometida&#8221; escribe el Papa.<\/p>\n<p style=\"text-align: justify\">&#8220;Que tambi\u00e9n hoy \u00c9l los acompa\u00f1e con la abundancia de sus bendiciones, proteja a su comunidad y en su misericordia, d\u00e9 a cada uno la paz. Les pido que recen por m\u00ed, y les aseguro al mismo tiempo mi oraci\u00f3n por ustedes. Que el Alt\u00edsimo les conceda crecer siempre m\u00e1s en la amistad\u201d, indica el mensaje firmado &#8216;Franciscus Papa&#8217;.<\/p>\n<p style=\"text-align: justify\">De otro lado, la <a target=\"_blank\" rel=\"nofollow\" href=\"http:\/\/www.aica.org\/22814-el-papa-saludo-la-comunidad-judia-argentina-por-pascua.html\">Agencia Jud\u00eda de Noticias<\/a>\u00a0indica que el papa Francisco envi\u00f3 un saludo a la comunidad jud\u00eda de Argentina, a trav\u00e9s de un mensaje al Rabino Abraham Skorka, referente espiritual de la Sinagoga Benei Tikva.<\/p>\n<p style=\"text-align: justify\">\u201cEn esos d\u00edas rezar\u00e9 junto a ustedes recordando \u2018las maravillas del Se\u00f1or\u2019 y pedir\u00e9 que las repita en este mundo de hoy, en nuestras sociedades y en nuestros corazones. Que podamos sentir su \u2018paso\u2019 y, una vez m\u00e1s, nos libere de tantas esclavitudes\u201d, expres\u00f3.<\/p>\n<p style=\"text-align: justify\">\u201c\u2019Es eterna su misericordia\u2019, cantamos con el Salmo. Pido que esta misericordia nos libere del dolor y la tristeza, de las injusticias y de toda idolatr\u00eda. Que esa misericordia consuele todo llanto y toda mudez (ese no poder cantar en la tierra extranjeras y ver nuestras c\u00edtaras colgadas de los sauces) y \u2018llene nuestra boca de risas\u2019 y canticos de alegr\u00eda\u201d, agreg\u00f3.<\/p>\n<p style=\"text-align: justify\">\u201cA su comunidad, a su familia y a usted querido amigo -concluye el mensaje firmado Franciscus Papa- les env\u00edo desde el coraz\u00f3n este saludo y, por favor, les pido que no se olviden de rezar por m\u00ed. Que el Se\u00f1or los bendiga a todos\u201d.<\/p>\n<p><span class=\"et_bloom_bottom_trigger\"><\/span><\/p>\n<p><a href=\"https:\/\/es.zenit.org\/\" target=\"_blank\" rel=\"nofollow\">Fuente: es.zenit.org<\/a><\/p>\n","protected":false},"excerpt":{"rendered":"<p>(ZENIT \u2013 Roma).- El papa Francisco ha enviado este jueves un telegrama\u00a0al gran rabino de Roma, Riccardo di Segni, expresando sus mejores deseos para esta fiesta de la pascua jud\u00eda, P\u00e1saj, que celebran y que comienza este viernes por la noche. La celebraci\u00f3n evoca\u00a0la liberaci\u00f3n del pueblo jud\u00edo de la esclavitud en Egipto. En el &hellip; <a href=\"https:\/\/www.biblia.work\/noticias\/francisco-saluda-a-la-comunidad-judia-por-la-pascua-hebrea\/\" class=\"more-link\">Continuar leyendo<span class=\"screen-reader-text\"> \u00abFrancisco saluda a la comunidad jud\u00eda por la pascua hebrea\u00bb<\/span><\/a><\/p>\n","protected":false},"author":1,"featured_media":0,"comment_status":"open","ping_status":"closed","sticky":false,"template":"","format":"standard","meta":{"footnotes":""},"categories":[1],"tags":[],"class_list":["post-2927","post","type-post","status-publish","format-standard","hentry","category-general"],"_links":{"self":[{"href":"https:\/\/www.biblia.work\/noticias\/wp-json\/wp\/v2\/posts\/2927","targetHints":{"allow":["GET"]}}],"collection":[{"href":"https:\/\/www.biblia.work\/noticias\/wp-json\/wp\/v2\/posts"}],"about":[{"href":"https:\/\/www.biblia.work\/noticias\/wp-json\/wp\/v2\/types\/post"}],"author":[{"embeddable":true,"href":"https:\/\/www.biblia.work\/noticias\/wp-json\/wp\/v2\/users\/1"}],"replies":[{"embeddable":true,"href":"https:\/\/www.biblia.work\/noticias\/wp-json\/wp\/v2\/comments?post=2927"}],"version-history":[{"count":0,"href":"https:\/\/www.biblia.work\/noticias\/wp-json\/wp\/v2\/posts\/2927\/revisions"}],"wp:attachment":[{"href":"https:\/\/www.biblia.work\/noticias\/wp-json\/wp\/v2\/media?parent=2927"}],"wp:term":[{"taxonomy":"category","embeddable":true,"href":"https:\/\/www.biblia.work\/noticias\/wp-json\/wp\/v2\/categories?post=2927"},{"taxonomy":"post_tag","embeddable":true,"href":"https:\/\/www.biblia.work\/noticias\/wp-json\/wp\/v2\/tags?post=2927"}],"curies":[{"name":"wp","href":"https:\/\/api.w.org\/{rel}","templated":true}]}}