{"id":2939,"date":"2016-04-21T17:05:02","date_gmt":"2016-04-21T22:05:02","guid":{"rendered":"http:\/\/www.biblia.work\/noticias\/lanzan-campana-de-oracion-prayforecuador\/"},"modified":"2016-04-21T17:05:02","modified_gmt":"2016-04-21T22:05:02","slug":"lanzan-campana-de-oracion-prayforecuador","status":"publish","type":"post","link":"https:\/\/www.biblia.work\/noticias\/lanzan-campana-de-oracion-prayforecuador\/","title":{"rendered":"Lanzan campa\u00f1a de oraci\u00f3n #PrayForEcuador"},"content":{"rendered":"<p> REDACCI\u00d3N CENTRAL, 21 Abr. 16 (ACI).-<br \/>\n\tEl 18 de abril se lanz&oacute; una campa&ntilde;a de oraci&oacute;n internacional en las redes sociales llamada #PrayForEcuador, para rezar por los fallecidos, desaparecidos y heridos del terremoto de 7,8 grados ocurrido el d&iacute;a 16 de ese mes en el pa&iacute;s.<\/p>\n<p style=\"text-align: justify\">\n\tA tres d&iacute;as de su publicaci&oacute;n, m&aacute;s de 4500 personas se han inscrito con su correo electr&oacute;nico en la p&aacute;gina web prayforecuador para recibir de forma aleatoria el nombre de algunos de los afectados, de un total de 549 fallecidos y miles de heridos.<\/p>\n<p style=\"text-align: justify\">\n\t\tRECEMOS POR ECUADOR -Recibe el nombre de un ecuatoriano por el cual rezar en https:\/\/t.co\/kxaEORgoe1#PrayForEcuador pic.twitter.com\/TYt2qLiyKN<\/p>\n<p>\t&mdash; MVC Ecuador (@mvcecuador) 18 de abril de 2016<\/p>\n<p style=\"text-align: justify\">\n\tLa iniciativa surgi&oacute; de j&oacute;venes cat&oacute;licos profesionales de Per&uacute; y Ecuador entre 20 y 25 a&ntilde;os. &ldquo;La oraci&oacute;n verdaderamente consuela y reconforta. El saber que hay alguien que a&uacute;n sin conocerte te tiene presente en sus oraciones te hace parte de la uni&oacute;n m&aacute;s trascendente que existe y no debemos tener miedo de confiar en la oraci&oacute;n y vivir esta uni&oacute;n&rdquo;, comentaron los organizadores de la iniciativa a ACI Prensa.<\/p>\n<p style=\"text-align: justify\">\n\tTambi&eacute;n, invitaron a orar por las v&iacute;ctimas y familiares de las recientes inundaciones en Argentina, Chile y Uruguay y los afectados por el terremoto de 7,3 grados en Jap&oacute;n; as&iacute; como por los rescatistas y voluntarios que participan en las labores humanitarias.<\/p>\n<p style=\"text-align: justify\">\n\tUna de las organizadoras de la campa&ntilde;a, Liz Mero, dijo a ACI Prensa desde Guayaquil que para la iniciativa pensaron en las personas que &ldquo;necesitan consuelo y esperanza&rdquo; y &ldquo;para que nuestros hermanos no pierdan la fe&rdquo;.<\/p>\n<p style=\"text-align: justify\">\n\t&nbsp;<\/p>\n<p style=\"text-align: justify\">\n\t\t&iexcl;800 PERSONAS YA EST&Aacute;N REZANDO! &iexcl;SIGAMOS SUMANDO! &gt;&gt;&gt; https:\/\/t.co\/kxaEORgoe1#YoRezoPorEcuador #PrayForEcuador pic.twitter.com\/QzETqOj2fr<\/p>\n<p>\t&mdash; MVC Ecuador (@mvcecuador) 19 de abril de 2016<\/p>\n<p style=\"text-align: justify\">\n\t&nbsp;<\/p>\n<p style=\"text-align: justify\">\n\tJulio V&aacute;sconez, el joven ecuatoriano que desarroll&oacute; el proyecto, afirma que es una alegr&iacute;a usar su profesi&oacute;n como &ldquo;una herramienta para servir&rdquo; y participar de una campa&ntilde;a que &nbsp;&ldquo;suscita en las personas el buscar y recordar a Dios sin dejar de actuar&rdquo;.<\/p>\n<p style=\"text-align: justify\">\n\tEn tanto, el dise&ntilde;ador peruano Roberto Chumbimuni, de Lima, manifest&oacute; que &ldquo;el v&iacute;nculo espiritual va m&aacute;s all&aacute; de nuestras nacionalidades. Misi&oacute;n es misi&oacute;n, todos juntos desde donde nos toque&rdquo;.<\/p>\n<p style=\"text-align: justify\">\n\tAdem&aacute;s de este sitio web y su presencia en facebook e instagram, los organizadores han lanzado otra p&aacute;gina que re&uacute;ne una completa informaci&oacute;n de los centros de acopio, junto con la difusi&oacute;n de datos de los desaparecidos.<\/p>\n<p style=\"text-align: justify\">\n\tM&aacute;s informaci&oacute;n en: prayforecuador.mvc-ecuador.org e info.prayforecuador.com<\/p>\n<p style=\"text-align: justify\">\n\tTambi&eacute;n te puede interesar:<\/p>\n<p style=\"text-align: justify\">\n\t\tC&aacute;ritas pide ayuda para Argentina, Uruguay y Chile tras inundaciones https:\/\/t.co\/hi4ybFwayq<\/p>\n<p>\t&mdash; ACI Prensa (@aciprensa) 20 de abril de 2016<\/p>\n<p style=\"text-align: justify\">\n\t&nbsp;<\/p>\n","protected":false},"excerpt":{"rendered":"<p>REDACCI\u00d3N CENTRAL, 21 Abr. 16 (ACI).- El 18 de abril se lanz&oacute; una campa&ntilde;a de oraci&oacute;n internacional en las redes sociales llamada #PrayForEcuador, para rezar por los fallecidos, desaparecidos y heridos del terremoto de 7,8 grados ocurrido el d&iacute;a 16 de ese mes en el pa&iacute;s. A tres d&iacute;as de su publicaci&oacute;n, m&aacute;s de 4500 &hellip; <a href=\"https:\/\/www.biblia.work\/noticias\/lanzan-campana-de-oracion-prayforecuador\/\" class=\"more-link\">Continuar leyendo<span class=\"screen-reader-text\"> \u00abLanzan campa\u00f1a de oraci\u00f3n #PrayForEcuador\u00bb<\/span><\/a><\/p>\n","protected":false},"author":1,"featured_media":0,"comment_status":"open","ping_status":"closed","sticky":false,"template":"","format":"standard","meta":{"footnotes":""},"categories":[1],"tags":[],"class_list":["post-2939","post","type-post","status-publish","format-standard","hentry","category-general"],"_links":{"self":[{"href":"https:\/\/www.biblia.work\/noticias\/wp-json\/wp\/v2\/posts\/2939","targetHints":{"allow":["GET"]}}],"collection":[{"href":"https:\/\/www.biblia.work\/noticias\/wp-json\/wp\/v2\/posts"}],"about":[{"href":"https:\/\/www.biblia.work\/noticias\/wp-json\/wp\/v2\/types\/post"}],"author":[{"embeddable":true,"href":"https:\/\/www.biblia.work\/noticias\/wp-json\/wp\/v2\/users\/1"}],"replies":[{"embeddable":true,"href":"https:\/\/www.biblia.work\/noticias\/wp-json\/wp\/v2\/comments?post=2939"}],"version-history":[{"count":0,"href":"https:\/\/www.biblia.work\/noticias\/wp-json\/wp\/v2\/posts\/2939\/revisions"}],"wp:attachment":[{"href":"https:\/\/www.biblia.work\/noticias\/wp-json\/wp\/v2\/media?parent=2939"}],"wp:term":[{"taxonomy":"category","embeddable":true,"href":"https:\/\/www.biblia.work\/noticias\/wp-json\/wp\/v2\/categories?post=2939"},{"taxonomy":"post_tag","embeddable":true,"href":"https:\/\/www.biblia.work\/noticias\/wp-json\/wp\/v2\/tags?post=2939"}],"curies":[{"name":"wp","href":"https:\/\/api.w.org\/{rel}","templated":true}]}}