{"id":2946,"date":"2016-04-22T01:15:02","date_gmt":"2016-04-22T06:15:02","guid":{"rendered":"http:\/\/www.biblia.work\/noticias\/francisco-escribe-a-expedicionarios-de-scholas-en-el-polo-norte\/"},"modified":"2016-04-22T01:15:02","modified_gmt":"2016-04-22T06:15:02","slug":"francisco-escribe-a-expedicionarios-de-scholas-en-el-polo-norte","status":"publish","type":"post","link":"https:\/\/www.biblia.work\/noticias\/francisco-escribe-a-expedicionarios-de-scholas-en-el-polo-norte\/","title":{"rendered":"Francisco escribe a expedicionarios de Scholas en el Polo Norte"},"content":{"rendered":"<p style=\"text-align: justify\">(ZENIT &#8211; Ciudad del Vaticano).- El Papa Francisco envi\u00f3 una carta a un grupo de j\u00f3venes argentinos que est\u00e1n realizando una expedici\u00f3n al Polo Norte y llevan la enc\u00edclica Laudato SI, un ramo de Olivo de la paz y la bandera de Scholas.<\/p>\n<p style=\"text-align: justify\">Lo inform\u00f3 Radio Vaticano precisando que se trata de la primera expedici\u00f3n argentina y sudamericana 2016 al Polo Norte por el Cambio Clim\u00e1tico a favor del cuidado de la casa com\u00fan promovida por la fundaci\u00f3n Scholas Occurrentes y la Fundaci\u00f3n Criteria.<\/p>\n<p style=\"text-align: justify\">En su carta, el Papa saluda a los expedicionarios y remarca que est\u00e1 convencido de que el problema del medio ambiente \u201ces grave\u201d por lo que iniciativas como estas \u201cayudan a tomar conciencia sobre la degradaci\u00f3n del ambiente, el agotamiento de las reservas naturales, la contaminaci\u00f3n y tambi\u00e9n por la gravemente desigual distribuci\u00f3n de las riquezas\u201d.<\/p>\n<p style=\"text-align: justify\"><a name=\"testo-articolo\"><\/a>\u201cQuiero hacerles llegar un especial saludo con motivo de la expedici\u00f3n que est\u00e1n realizando, al polo norte, para difundir un mensaje esperanzador a trav\u00e9s de Scholas a favor del cuidado de la casa com\u00fan\u201d escribe el Santo Padre. Y asegura que est\u00e1 convencido \u201cde que el problema es grave y que iniciativas como la que ustedes est\u00e1n implementando ayudan a tomar conciencia sobre la degradaci\u00f3n del ambiente, el agotamiento de las reservas naturales, la contaminaci\u00f3n y tambi\u00e9n por la gravemente desigual distribuci\u00f3n de las riquezas\u201d.<\/p>\n<p style=\"text-align: justify\">El papa Francisco que escribi\u00f3 la enc\u00edclica Laudato si&#8217; hace casi un a\u00f1o, les indica que \u201cesta traves\u00eda que est\u00e1n protagonizando muestra que con amor, con esfuerzo y trabajando en equipo, es posible transformar los viejos muros en puentes\u201d.<\/p>\n<p style=\"text-align: justify\">\u201cGracias por llevar -expresa Francisco- la bandera de los j\u00f3venes de Scholas y su mensaje, gracias por dejar el grito de Laudato SI en el hielo polar para las futuras generaciones. Gracias por su audacia y su compromiso en demostrar que todo es posible. Y gracias a sus familias por acompa\u00f1arlos desde la distancia\u201d.<\/p>\n<p style=\"text-align: justify\">Y concluye con un pedido: \u201cDesde all\u00ed, les pido que por favor, no dejen de rezar por m\u00ed. Cordialmente, Franciscus\u201d<\/p>\n<p><span class=\"et_bloom_bottom_trigger\"><\/span><\/p>\n<p><a href=\"https:\/\/es.zenit.org\/\" target=\"_blank\" rel=\"nofollow\">Fuente: es.zenit.org<\/a><\/p>\n","protected":false},"excerpt":{"rendered":"<p>(ZENIT &#8211; Ciudad del Vaticano).- El Papa Francisco envi\u00f3 una carta a un grupo de j\u00f3venes argentinos que est\u00e1n realizando una expedici\u00f3n al Polo Norte y llevan la enc\u00edclica Laudato SI, un ramo de Olivo de la paz y la bandera de Scholas. Lo inform\u00f3 Radio Vaticano precisando que se trata de la primera expedici\u00f3n &hellip; <a href=\"https:\/\/www.biblia.work\/noticias\/francisco-escribe-a-expedicionarios-de-scholas-en-el-polo-norte\/\" class=\"more-link\">Continuar leyendo<span class=\"screen-reader-text\"> \u00abFrancisco escribe a expedicionarios de Scholas en el Polo Norte\u00bb<\/span><\/a><\/p>\n","protected":false},"author":1,"featured_media":0,"comment_status":"open","ping_status":"closed","sticky":false,"template":"","format":"standard","meta":{"footnotes":""},"categories":[1],"tags":[],"class_list":["post-2946","post","type-post","status-publish","format-standard","hentry","category-general"],"_links":{"self":[{"href":"https:\/\/www.biblia.work\/noticias\/wp-json\/wp\/v2\/posts\/2946","targetHints":{"allow":["GET"]}}],"collection":[{"href":"https:\/\/www.biblia.work\/noticias\/wp-json\/wp\/v2\/posts"}],"about":[{"href":"https:\/\/www.biblia.work\/noticias\/wp-json\/wp\/v2\/types\/post"}],"author":[{"embeddable":true,"href":"https:\/\/www.biblia.work\/noticias\/wp-json\/wp\/v2\/users\/1"}],"replies":[{"embeddable":true,"href":"https:\/\/www.biblia.work\/noticias\/wp-json\/wp\/v2\/comments?post=2946"}],"version-history":[{"count":0,"href":"https:\/\/www.biblia.work\/noticias\/wp-json\/wp\/v2\/posts\/2946\/revisions"}],"wp:attachment":[{"href":"https:\/\/www.biblia.work\/noticias\/wp-json\/wp\/v2\/media?parent=2946"}],"wp:term":[{"taxonomy":"category","embeddable":true,"href":"https:\/\/www.biblia.work\/noticias\/wp-json\/wp\/v2\/categories?post=2946"},{"taxonomy":"post_tag","embeddable":true,"href":"https:\/\/www.biblia.work\/noticias\/wp-json\/wp\/v2\/tags?post=2946"}],"curies":[{"name":"wp","href":"https:\/\/api.w.org\/{rel}","templated":true}]}}