{"id":2948,"date":"2016-04-22T06:15:02","date_gmt":"2016-04-22T11:15:02","guid":{"rendered":"http:\/\/www.biblia.work\/noticias\/la-reforma-de-la-curia-se-esta-realizando-y-es-un-proceso-gradual\/"},"modified":"2016-04-22T06:15:02","modified_gmt":"2016-04-22T11:15:02","slug":"la-reforma-de-la-curia-se-esta-realizando-y-es-un-proceso-gradual","status":"publish","type":"post","link":"https:\/\/www.biblia.work\/noticias\/la-reforma-de-la-curia-se-esta-realizando-y-es-un-proceso-gradual\/","title":{"rendered":"\u201cLa reforma de la Curia se est\u00e1 realizando y es un proceso gradual\u201d"},"content":{"rendered":"<p style=\"text-align: justify\">La reforma de la curia romana se est\u00e1 ya realizando. Ya inici\u00f3. Baste pensar a la reforma de los organismos econ\u00f3micos que se est\u00e1 haciendo y en rodaje. Tenemos que entender que se trata de un proceso gradual. La reforma se realiza en una estructura milenaria.<\/p>\n<p style=\"text-align: justify\">Lo indic\u00f3 el n\u00famero dos de la Secretar\u00eda de Estado de la Santa Sede, mons. Angelo Becciu, en una entrevista realizada por Gennaro Ferrara en TV2000, retomada por la web El Sism\u00f3grafo.<\/p>\n<p style=\"text-align: justify\">El sustituto de la Secretar\u00eda de Estado para los asuntos generales, a\u00f1adi\u00f3 que no es f\u00e1cil reformar una estructura tan articulada. Porque se trata del Estado de la Ciudad del Vaticano, de la Sede Apost\u00f3lica, de la Curia, con leyes internas que es necesario respetar y compromisos internacionales que hay que tomar en consideraci\u00f3n.<\/p>\n<p style=\"text-align: justify\">O sea, la reforma se refiere a muchas estructuras con finalidades diversas y reguladas por par\u00e1metros diferentes. Un proceso que exige tiempo y que va hecho gradualmente.<\/p>\n<p style=\"text-align: justify\">Mons. Becciu precis\u00f3 que se trata de una reforma de las estructuras de servicio y por lo tanto inspiradas en el esp\u00edritu de servicio y no con el objetivo de trepar o hacer carrera.<\/p>\n<p style=\"text-align: justify\">Sobre la suspensi\u00f3n el 5 de diciembre pasado, de una acuerdo con una consultora externa contratada para revisar la contabilidad, la PricewaterhouseCoopers), Mons. Becciu indic\u00f3 que se trata de una suspensi\u00f3n y no de un cierre de contrato, porque es necesario perfeccionar algunos acuerdos, porque nos dimos cuenta que el contrato no fue firmado con el organismo pertinente, que deber\u00eda ser el Consejo de los 9 cardenales.<\/p>\n<p style=\"text-align: justify\">En octubre del a\u00f1o pasado y para evitar cualquier equ\u00edvoco, el Santo Padre precis\u00f3\u00a0que el per\u00edodo de transici\u00f3n no es tiempo de &#8216;vacatio legis&#8217;. Por lo tanto dijo: \u201cConfirmo que est\u00e1n a\u00fan plenamente en vigor la Constituci\u00f3n Apost\u00f3lica Pastor bonus, con las sucesivas modificaciones que se han aportado, y el Reglamento General de la Curia Romana\u201d.<\/p>\n<p style=\"text-align: justify\"><a target=\"_blank\" rel=\"nofollow\" href=\"https:\/\/es.zenit.org\/articles\/el-papa-la-pastor-bonus-sigue-vigente-durante-el-periodo-de-reforma-de-la-curia\/\">Leer tambi\u00e9n &#8211; El Papa: la \u2018Pastor Bonus\u2019 sigue vigente durante el periodo de reforma de la Curia<\/a><\/p>\n<p style=\"text-align: justify\">&nbsp;<\/p>\n<p><span class=\"et_bloom_bottom_trigger\"><\/span><\/p>\n<p><a href=\"https:\/\/es.zenit.org\/\" target=\"_blank\" rel=\"nofollow\">Fuente: es.zenit.org<\/a><\/p>\n","protected":false},"excerpt":{"rendered":"<p>La reforma de la curia romana se est\u00e1 ya realizando. Ya inici\u00f3. Baste pensar a la reforma de los organismos econ\u00f3micos que se est\u00e1 haciendo y en rodaje. Tenemos que entender que se trata de un proceso gradual. La reforma se realiza en una estructura milenaria. Lo indic\u00f3 el n\u00famero dos de la Secretar\u00eda de &hellip; <a href=\"https:\/\/www.biblia.work\/noticias\/la-reforma-de-la-curia-se-esta-realizando-y-es-un-proceso-gradual\/\" class=\"more-link\">Continuar leyendo<span class=\"screen-reader-text\"> \u00ab\u201cLa reforma de la Curia se est\u00e1 realizando y es un proceso gradual\u201d\u00bb<\/span><\/a><\/p>\n","protected":false},"author":1,"featured_media":0,"comment_status":"open","ping_status":"closed","sticky":false,"template":"","format":"standard","meta":{"footnotes":""},"categories":[1],"tags":[],"class_list":["post-2948","post","type-post","status-publish","format-standard","hentry","category-general"],"_links":{"self":[{"href":"https:\/\/www.biblia.work\/noticias\/wp-json\/wp\/v2\/posts\/2948","targetHints":{"allow":["GET"]}}],"collection":[{"href":"https:\/\/www.biblia.work\/noticias\/wp-json\/wp\/v2\/posts"}],"about":[{"href":"https:\/\/www.biblia.work\/noticias\/wp-json\/wp\/v2\/types\/post"}],"author":[{"embeddable":true,"href":"https:\/\/www.biblia.work\/noticias\/wp-json\/wp\/v2\/users\/1"}],"replies":[{"embeddable":true,"href":"https:\/\/www.biblia.work\/noticias\/wp-json\/wp\/v2\/comments?post=2948"}],"version-history":[{"count":0,"href":"https:\/\/www.biblia.work\/noticias\/wp-json\/wp\/v2\/posts\/2948\/revisions"}],"wp:attachment":[{"href":"https:\/\/www.biblia.work\/noticias\/wp-json\/wp\/v2\/media?parent=2948"}],"wp:term":[{"taxonomy":"category","embeddable":true,"href":"https:\/\/www.biblia.work\/noticias\/wp-json\/wp\/v2\/categories?post=2948"},{"taxonomy":"post_tag","embeddable":true,"href":"https:\/\/www.biblia.work\/noticias\/wp-json\/wp\/v2\/tags?post=2948"}],"curies":[{"name":"wp","href":"https:\/\/api.w.org\/{rel}","templated":true}]}}