{"id":2949,"date":"2016-04-22T06:15:02","date_gmt":"2016-04-22T11:15:02","guid":{"rendered":"http:\/\/www.biblia.work\/noticias\/francisco-en-santa-marta-nos-exhorta-a-anunciar-la-resurreccion-de-jesus\/"},"modified":"2016-04-22T06:15:02","modified_gmt":"2016-04-22T11:15:02","slug":"francisco-en-santa-marta-nos-exhorta-a-anunciar-la-resurreccion-de-jesus","status":"publish","type":"post","link":"https:\/\/www.biblia.work\/noticias\/francisco-en-santa-marta-nos-exhorta-a-anunciar-la-resurreccion-de-jesus\/","title":{"rendered":"Francisco en Santa Marta nos exhorta a anunciar la Resurrecci\u00f3n de Jes\u00fas"},"content":{"rendered":"<p style=\"text-align: justify\">(ZENIT &#8211; Ciudad del Vaticano) Anuncio, intercesi\u00f3n, esperanza. Estas son las tres palabras centrales\u00a0que ha indicado el papa Francisco en su\u00a0homil\u00eda de este viernes en la misa de la Casa Santa Marta.<\/p>\n<p style=\"text-align: justify\"><em><strong>Anuncio:<br \/>\n<\/strong><\/em>El Papa ha subrayado que el cristiano \u201cespera que el Se\u00f1or vuelva\u201d. Y exhort\u00f3 a tener el coraje de anunciar como los ap\u00f3stoles que dieron testimonio de la Resurrecci\u00f3n de Jes\u00fas, incluso con la propia vida.<\/p>\n<p style=\"text-align: justify\">\u201cJes\u00fas est\u00e1 vivo es el anuncio de los ap\u00f3stoles a los jud\u00edos y a los paganos de su tiempo y de este anuncio dieron testimonio con su vida y su sangre\u201d.<\/p>\n<p style=\"text-align: justify\">\u201cCuando Juan y Pedro &#8211;prosigui\u00f3 el Papa&#8211; fueron llevados al Sinedrio, despu\u00e9s de la curaci\u00f3n del cojo, los sacerdotes les prohibieron hablar del nombre de Jes\u00fas, de la Resurrecci\u00f3n. Ellos con mucho coraje y simplicidad dec\u00edan: &#8216;Nosotros no podemos callar lo que hemos visto y escuchado&#8217;, el anuncio.<\/p>\n<p style=\"text-align: justify\">Y nosotros los cristianos tenemos el Esp\u00edritu Santo en nosotros, que nos hace ver y escuchar la verdad sobre Jes\u00fas, que muri\u00f3 por nuestros pecados y resucit\u00f3. Este es el anuncio de la vida cristiana: Cristo est\u00e1 vivo, Cristo ha resucitado, Cristo est\u00e1 entre nosotros en la comunidad, nos acompa\u00f1a en el camino\u201d.<\/p>\n<p style=\"text-align: justify\"><em><strong>Intercesi\u00f3n<\/strong><\/em><br \/>\nDespu\u00e9s Francisco entr\u00f3 en la segunda idea: la intercesi\u00f3n. Durante la cena del Jueves Santo, los ap\u00f3stoles estaban tristes, y Jes\u00fas les dice: &#8216;No se turbe vuestro coraz\u00f3n, tengan fe. En la casa del Padre hay muchas moradas. Voy a prepararles un lugar&#8217;. Y el Papa indica que esto significa, que con su oraci\u00f3n Jes\u00fas intercede por cada uno de nosotros.<\/p>\n<p style=\"text-align: justify\">As\u00ed como a Pedro le ha dicho una vez antes de la Pasi\u00f3n: &#8216;Pedro yo he rezado por ti&#8217;, ahora Jes\u00fas es el intercesor entre el Padre y nosotros, dijo el Papa.<\/p>\n<p style=\"text-align: justify\">Y sobre c\u00f3mo Jes\u00fas reza por nosotros Francisco dijo: \u201cCreo que Jes\u00fas haga ver las llagas al Padre &#8211;porque las llagas las ha llevado consigo despu\u00e9s de la Resurrecci\u00f3n&#8211; las haga ver al Padre y nos nombre a cada uno de nosotros\u201d.<\/p>\n<p style=\"text-align: justify\">La\u00a0tercera dimensi\u00f3n del cristiano que indic\u00f3 el Santo Padre es la esperanza: \u201cEl cristiano es un hombre de esperanza, que espera que el Se\u00f1or vuelva\u201d. Toda la Iglesia \u201cest\u00e1 en la espera de Jes\u00fas, Jes\u00fas volver\u00e1. Esta es la esperanza cristiana\u201d.<\/p>\n<p style=\"text-align: justify\">El Pont\u00edfice invit\u00f3 a interrogarnos: \u00bfC\u00f3mo es el anuncio en mi vida? \u00bfC\u00f3mo es mi relaci\u00f3n con Jes\u00fas que intercede por mi? \u00bfC\u00f3mo es mi esperanza? \u00bfCreo realmente que el Se\u00f1or ha resucitado? \u00bfCreo que reza por mi ante el Padre? \u00bfY que cada vez que lo invoco \u00c9l est\u00e1 rezando por mi, e intercede? \u00bfCreo realmente que el Se\u00f1or volver\u00e1, vendr\u00e1? Nos har\u00e1 bien interrogarnos esto sobre nuestra fe: \u00bfCreo en el anuncio? \u00bfCreo e la intercesi\u00f3n? \u00bfSoy un hombre o una mujer de esperanza?<\/p>\n<p><span class=\"et_bloom_bottom_trigger\"><\/span><\/p>\n<p><a href=\"https:\/\/es.zenit.org\/\" target=\"_blank\" rel=\"nofollow\">Fuente: es.zenit.org<\/a><\/p>\n","protected":false},"excerpt":{"rendered":"<p>(ZENIT &#8211; Ciudad del Vaticano) Anuncio, intercesi\u00f3n, esperanza. Estas son las tres palabras centrales\u00a0que ha indicado el papa Francisco en su\u00a0homil\u00eda de este viernes en la misa de la Casa Santa Marta. Anuncio: El Papa ha subrayado que el cristiano \u201cespera que el Se\u00f1or vuelva\u201d. Y exhort\u00f3 a tener el coraje de anunciar como los &hellip; <a href=\"https:\/\/www.biblia.work\/noticias\/francisco-en-santa-marta-nos-exhorta-a-anunciar-la-resurreccion-de-jesus\/\" class=\"more-link\">Continuar leyendo<span class=\"screen-reader-text\"> \u00abFrancisco en Santa Marta nos exhorta a anunciar la Resurrecci\u00f3n de Jes\u00fas\u00bb<\/span><\/a><\/p>\n","protected":false},"author":1,"featured_media":0,"comment_status":"open","ping_status":"closed","sticky":false,"template":"","format":"standard","meta":{"footnotes":""},"categories":[1],"tags":[],"class_list":["post-2949","post","type-post","status-publish","format-standard","hentry","category-general"],"_links":{"self":[{"href":"https:\/\/www.biblia.work\/noticias\/wp-json\/wp\/v2\/posts\/2949","targetHints":{"allow":["GET"]}}],"collection":[{"href":"https:\/\/www.biblia.work\/noticias\/wp-json\/wp\/v2\/posts"}],"about":[{"href":"https:\/\/www.biblia.work\/noticias\/wp-json\/wp\/v2\/types\/post"}],"author":[{"embeddable":true,"href":"https:\/\/www.biblia.work\/noticias\/wp-json\/wp\/v2\/users\/1"}],"replies":[{"embeddable":true,"href":"https:\/\/www.biblia.work\/noticias\/wp-json\/wp\/v2\/comments?post=2949"}],"version-history":[{"count":0,"href":"https:\/\/www.biblia.work\/noticias\/wp-json\/wp\/v2\/posts\/2949\/revisions"}],"wp:attachment":[{"href":"https:\/\/www.biblia.work\/noticias\/wp-json\/wp\/v2\/media?parent=2949"}],"wp:term":[{"taxonomy":"category","embeddable":true,"href":"https:\/\/www.biblia.work\/noticias\/wp-json\/wp\/v2\/categories?post=2949"},{"taxonomy":"post_tag","embeddable":true,"href":"https:\/\/www.biblia.work\/noticias\/wp-json\/wp\/v2\/tags?post=2949"}],"curies":[{"name":"wp","href":"https:\/\/api.w.org\/{rel}","templated":true}]}}