{"id":2959,"date":"2016-04-22T11:15:02","date_gmt":"2016-04-22T16:15:02","guid":{"rendered":"http:\/\/www.biblia.work\/noticias\/feliz-dia-santo-padre\/"},"modified":"2016-04-22T11:15:02","modified_gmt":"2016-04-22T16:15:02","slug":"feliz-dia-santo-padre","status":"publish","type":"post","link":"https:\/\/www.biblia.work\/noticias\/feliz-dia-santo-padre\/","title":{"rendered":"\u00a1Feliz d\u00eda Santo Padre!"},"content":{"rendered":"<p style=\"text-align: justify\">(ZENIT &#8211; Roma).- El papa Francisco celebra este el viernes los 43 a\u00f1os de profesi\u00f3n religiosa. El 22 de abril de 1973, Jorge Mario Bergoglio hizo su profesi\u00f3n perpetua en la Compa\u00f1\u00eda de Jes\u00fas, a la edad de 36 a\u00f1os.\u00a0Los 22 abril es la\u00a0fecha en la que los jesuitas profesan sus votos finales al concluir\u00a0un largo per\u00edodo de formaci\u00f3n religiosa.<\/p>\n<p style=\"text-align: justify\">En este d\u00eda de 1542, San Ignacio de Loyola y sus primeros compa\u00f1eros hicieron la profesi\u00f3n solemne en Roma, en la bas\u00edlica de San Pablo Extramuros, despu\u00e9s de la aprobaci\u00f3n del Papa Pablo III del nuevo orden emergente.<\/p>\n<p style=\"text-align: justify\">Bergoglio estudi\u00f3 biolog\u00eda antes de descubrir su vocaci\u00f3n religiosa, despu\u00e9s estudi\u00f3 en el Seminario de Villa Devoto y se uni\u00f3 a la Compa\u00f1\u00eda de Jes\u00fas a los 19 a\u00f1os de edad. Estudi\u00f3 teolog\u00eda y filosof\u00eda en la Universidad de San Miguel.<\/p>\n<p style=\"text-align: justify\">Jorge Mario Bergoglio fue ordenado sacerdote el 13 de diciembre de 1969, en San Miguel; entre los a\u00f1os 1973 y 1979 fue el superior provincial de los jesuitas en Argentina; entre 1980 y 1986 fue rector del Colegio M\u00e1ximo y de la Facultad de Filosof\u00eda y Teolog\u00eda de San Miguel. Luego de un breve paso por Alemania y por Buenos Aires, fue enviado\u00a0seis a\u00f1os a la provincia argentina de C\u00f3rdoba.\u00a0Nombrado arzobispo de Buenos Aires, en 1997 fue creado cardenal en 2001 por el Papa Juan Pablo II.<\/p>\n<p style=\"text-align: justify\">Tras la renuncia del papa Benedicto XVI, el l 13 de marzo de 2013, el c\u00f3nclave eligi\u00f3 al cardenal Bergoglio, quien eligi\u00f3 el nombre de &#8216;Francisco&#8217; en honor del santo de As\u00eds. Pas\u00f3 as\u00ed a ser el primer papa jesuita, el primero del hemisferio sur, el primer pont\u00edfice originario de Am\u00e9rica y el primero no europeo desde el a\u00f1o 741.<\/p>\n<p style=\"text-align: justify\">C\u00f3mo festejarlo, haciendo con m\u00e1s ah\u00ednco lo que el Santo Padre nos pide siempre: &#8220;recen por mi&#8221;.<\/p>\n<p><span class=\"et_bloom_bottom_trigger\"><\/span><\/p>\n<p><a href=\"https:\/\/es.zenit.org\/\" target=\"_blank\" rel=\"nofollow\">Fuente: es.zenit.org<\/a><\/p>\n","protected":false},"excerpt":{"rendered":"<p>(ZENIT &#8211; Roma).- El papa Francisco celebra este el viernes los 43 a\u00f1os de profesi\u00f3n religiosa. El 22 de abril de 1973, Jorge Mario Bergoglio hizo su profesi\u00f3n perpetua en la Compa\u00f1\u00eda de Jes\u00fas, a la edad de 36 a\u00f1os.\u00a0Los 22 abril es la\u00a0fecha en la que los jesuitas profesan sus votos finales al concluir\u00a0un &hellip; <a href=\"https:\/\/www.biblia.work\/noticias\/feliz-dia-santo-padre\/\" class=\"more-link\">Continuar leyendo<span class=\"screen-reader-text\"> \u00ab\u00a1Feliz d\u00eda Santo Padre!\u00bb<\/span><\/a><\/p>\n","protected":false},"author":1,"featured_media":0,"comment_status":"open","ping_status":"closed","sticky":false,"template":"","format":"standard","meta":{"footnotes":""},"categories":[1],"tags":[],"class_list":["post-2959","post","type-post","status-publish","format-standard","hentry","category-general"],"_links":{"self":[{"href":"https:\/\/www.biblia.work\/noticias\/wp-json\/wp\/v2\/posts\/2959","targetHints":{"allow":["GET"]}}],"collection":[{"href":"https:\/\/www.biblia.work\/noticias\/wp-json\/wp\/v2\/posts"}],"about":[{"href":"https:\/\/www.biblia.work\/noticias\/wp-json\/wp\/v2\/types\/post"}],"author":[{"embeddable":true,"href":"https:\/\/www.biblia.work\/noticias\/wp-json\/wp\/v2\/users\/1"}],"replies":[{"embeddable":true,"href":"https:\/\/www.biblia.work\/noticias\/wp-json\/wp\/v2\/comments?post=2959"}],"version-history":[{"count":0,"href":"https:\/\/www.biblia.work\/noticias\/wp-json\/wp\/v2\/posts\/2959\/revisions"}],"wp:attachment":[{"href":"https:\/\/www.biblia.work\/noticias\/wp-json\/wp\/v2\/media?parent=2959"}],"wp:term":[{"taxonomy":"category","embeddable":true,"href":"https:\/\/www.biblia.work\/noticias\/wp-json\/wp\/v2\/categories?post=2959"},{"taxonomy":"post_tag","embeddable":true,"href":"https:\/\/www.biblia.work\/noticias\/wp-json\/wp\/v2\/tags?post=2959"}],"curies":[{"name":"wp","href":"https:\/\/api.w.org\/{rel}","templated":true}]}}