{"id":2962,"date":"2016-04-22T12:15:02","date_gmt":"2016-04-22T17:15:02","guid":{"rendered":"http:\/\/www.biblia.work\/noticias\/emocion-en-burgos-por-la-primera-beatificacion-de-su-historia\/"},"modified":"2016-04-22T12:15:02","modified_gmt":"2016-04-22T17:15:02","slug":"emocion-en-burgos-por-la-primera-beatificacion-de-su-historia","status":"publish","type":"post","link":"https:\/\/www.biblia.work\/noticias\/emocion-en-burgos-por-la-primera-beatificacion-de-su-historia\/","title":{"rendered":"Emoci\u00f3n en Burgos por la primera beatificaci\u00f3n de su historia"},"content":{"rendered":"<p style=\"text-align: justify\">(ZENIT \u2013 Roma).- La arquidi\u00f3cesis de Burgos tendr\u00e1 este s\u00e1bado la\u00a0primera beatificaci\u00f3n que realiza en su historia. En la catedral la ceremonia inicia a las 11 de la ma\u00f1ana y all\u00ed ser\u00e1n beatificados los m\u00e1rtires Valent\u00edn Palencia, Donato Rodr\u00edguez, Emilio Huidobro, Germ\u00e1n Garc\u00eda y Zacar\u00edas Cuesta.<\/p>\n<p style=\"text-align: justify\">El papa Francisco promulg\u00f3 el 31 de septiembre de 2015, el decreto que reconoce el martirio de los siervos de Dios, Valentino Palencia Marquina, sacerdote diocesano, y de los 4 compa\u00f1eros, asesinados por odio a la fe el 15 de enero de 1937 cerca de Suances.<\/p>\n<p style=\"text-align: justify\">La celebraci\u00f3n ser\u00e1 presidida por el cardenal Angelo Amato, prefecto de la <em>Congregaci\u00f3n para las Causas de los Santos<\/em>, quien acude a Burgos en representaci\u00f3n del santo padre Francisco. Tambi\u00e9n asistir\u00e1n el nuncio en Espa\u00f1a, monse\u00f1or Renzo Fratini; el cardenal Ricardo Bl\u00e1zquez, presidente de la Conferencia Episcopal Espa\u00f1ola; el arzobispo de Burgos, Fidel Herr\u00e1ez Vegas; y el arzobispo em\u00e9rito, Francisco Gil Hell\u00edn.<\/p>\n<p style=\"text-align: justify\">Ya por la tarde, la coral de Suances &#8211;el pueblo donde murieron los nuevos beatos&#8211; ofrecer\u00e1 un concierto en su honor y tendr\u00e1 como escenario la capilla de Santa Tecla de la catedral.<\/p>\n<p style=\"text-align: justify\">Por \u00faltimo, el domingo una procesi\u00f3n partir\u00e1 a las 11:00 de la ma\u00f1ana desde la <em>iglesia de San Esteban<\/em>, donde se bautiz\u00f3 don Valent\u00edn y fund\u00f3 el patronato de San Jos\u00e9, rumbo a la <em>iglesia de san Nicol\u00e1s<\/em>, donde recibi\u00f3 la confirmaci\u00f3n. Hacia el mediod\u00eda, y una vez en el templo, el arzobispo, don Fidel Herr\u00e1ez Vegas, presidir\u00e1 una eucarist\u00eda de acci\u00f3n de gracias por la beatificaci\u00f3n del sacerdote.<\/p>\n<p style=\"text-align: justify\">Hoy s\u00e1bado, a las ocho de la tarde, las campanas de los templos de la ciudad echadas al vuelo durante cinco minutos anuncian el evento del domingo, inform\u00f3 la di\u00f3cesis en su web, y precis\u00f3 que\u00a0hoy &#8220;la orquesta realizaba sus \u00faltimos ensayos para la ceremonia y la seo era un traj\u00edn de gente colocando sillas y preparando todo para la celebraci\u00f3n&#8221;.<\/p>\n<p style=\"text-align: justify\">Al anochecer siempre del s\u00e1bado, en el sal\u00f3n de Caja C\u00edrculo de la plaza de Espa\u00f1a, el postulador diocesano de la causa de beatificaci\u00f3n de los m\u00e1rtires, Saturnino L\u00f3pez Santidri\u00e1n, explica los detalles del proceso de beatificaci\u00f3n y una breve exposici\u00f3n sobre la vida y obras de los nuevos beatos.<\/p>\n<p style=\"text-align: justify\">El postulador en una reciente entrevista declar\u00f3 su\u00a0devoci\u00f3n al sacerdote amigo de los ni\u00f1os m\u00e1s pobres de la ciudad: &#8220;Me admira su claridad de vida y que desde incluso antes de ser sacerdote, siempre se inclinara por los m\u00e1s desfavorecidos&#8221;. O sea &#8220;un hombre consecuente y misericordioso que comprendi\u00f3 el verdadero camino del evangelio: llevar la alegr\u00eda y la Buena Noticia a los pobres&#8221;.<\/p>\n<p style=\"text-align: justify\">En el acto, adem\u00e1s, se presentar\u00e1 el \u00faltimo libro escrito por Francisco Javier G\u00f3mez O\u00f1a, donde repasa la vida de cien sacerdotes diocesanos dignos de recuerdo y admiraci\u00f3n.<\/p>\n<p><span class=\"et_bloom_bottom_trigger\"><\/span><\/p>\n<p><a href=\"https:\/\/es.zenit.org\/\" target=\"_blank\" rel=\"nofollow\">Fuente: es.zenit.org<\/a><\/p>\n","protected":false},"excerpt":{"rendered":"<p>(ZENIT \u2013 Roma).- La arquidi\u00f3cesis de Burgos tendr\u00e1 este s\u00e1bado la\u00a0primera beatificaci\u00f3n que realiza en su historia. En la catedral la ceremonia inicia a las 11 de la ma\u00f1ana y all\u00ed ser\u00e1n beatificados los m\u00e1rtires Valent\u00edn Palencia, Donato Rodr\u00edguez, Emilio Huidobro, Germ\u00e1n Garc\u00eda y Zacar\u00edas Cuesta. El papa Francisco promulg\u00f3 el 31 de septiembre de &hellip; <a href=\"https:\/\/www.biblia.work\/noticias\/emocion-en-burgos-por-la-primera-beatificacion-de-su-historia\/\" class=\"more-link\">Continuar leyendo<span class=\"screen-reader-text\"> \u00abEmoci\u00f3n en Burgos por la primera beatificaci\u00f3n de su historia\u00bb<\/span><\/a><\/p>\n","protected":false},"author":1,"featured_media":0,"comment_status":"open","ping_status":"closed","sticky":false,"template":"","format":"standard","meta":{"footnotes":""},"categories":[1],"tags":[],"class_list":["post-2962","post","type-post","status-publish","format-standard","hentry","category-general"],"_links":{"self":[{"href":"https:\/\/www.biblia.work\/noticias\/wp-json\/wp\/v2\/posts\/2962","targetHints":{"allow":["GET"]}}],"collection":[{"href":"https:\/\/www.biblia.work\/noticias\/wp-json\/wp\/v2\/posts"}],"about":[{"href":"https:\/\/www.biblia.work\/noticias\/wp-json\/wp\/v2\/types\/post"}],"author":[{"embeddable":true,"href":"https:\/\/www.biblia.work\/noticias\/wp-json\/wp\/v2\/users\/1"}],"replies":[{"embeddable":true,"href":"https:\/\/www.biblia.work\/noticias\/wp-json\/wp\/v2\/comments?post=2962"}],"version-history":[{"count":0,"href":"https:\/\/www.biblia.work\/noticias\/wp-json\/wp\/v2\/posts\/2962\/revisions"}],"wp:attachment":[{"href":"https:\/\/www.biblia.work\/noticias\/wp-json\/wp\/v2\/media?parent=2962"}],"wp:term":[{"taxonomy":"category","embeddable":true,"href":"https:\/\/www.biblia.work\/noticias\/wp-json\/wp\/v2\/categories?post=2962"},{"taxonomy":"post_tag","embeddable":true,"href":"https:\/\/www.biblia.work\/noticias\/wp-json\/wp\/v2\/tags?post=2962"}],"curies":[{"name":"wp","href":"https:\/\/api.w.org\/{rel}","templated":true}]}}