{"id":2965,"date":"2016-04-22T14:05:02","date_gmt":"2016-04-22T19:05:02","guid":{"rendered":"http:\/\/www.biblia.work\/noticias\/diputados-evangelicos-luchan-para-evitar-que-saquen-a-dios-de-costa-rica\/"},"modified":"2016-04-22T14:05:02","modified_gmt":"2016-04-22T19:05:02","slug":"diputados-evangelicos-luchan-para-evitar-que-saquen-a-dios-de-costa-rica","status":"publish","type":"post","link":"https:\/\/www.biblia.work\/noticias\/diputados-evangelicos-luchan-para-evitar-que-saquen-a-dios-de-costa-rica\/","title":{"rendered":"Diputados evang\u00e9licos luchan para evitar que saquen a Dios de Costa Rica"},"content":{"rendered":"<p style=\"text-align: justify\">Un proyecto de ley que impulsa convertir a Costa Rica en un Estado laico, est\u00e1 generando contienda en el Congreso del pa\u00eds. Por su parte, el bloque evang\u00e9lico lucha para no se saque a Dios del pa\u00eds. <\/p>\n<p style=\"text-align: justify\">Esta iniciativa fue presentada en el 2012, pero el Ejecutivo lo convoc\u00f3 recientemente. <\/p>\n<p style=\"text-align: justify\">Sus impulsores buscan eliminar la religi\u00f3n cat\u00f3lica de la Constituci\u00f3n y de los juramentos que hacen los funcionarios p\u00fablicos. <\/p>\n<p style=\"text-align: justify\">En una reciente sesi\u00f3n, el diputado cristiano Fabricio Alvarado, aclar\u00f3 su punto de vista sobre el tema. <\/p>\n<p style=\"text-align: justify\"> \u201cEstamos de acuerdo con el diputado Otto Guevara que desde el punto de vista jur\u00eddico es inconveniente atribuir al estado una confesi\u00f3n religiosa determinada. Pero el diputado Guevara con base en ese mismo argumento, tampoco se puede decir que el estado es neutral, como lo indica el texto del expediente 18496 que usted actualmente promueve y defiende. Una cosa es un estado ajeno al reconocimiento de la plenitud de lo que implica la libertad religiosa y otra muy distinta es menoscabar este derecho fundamental con una reforma mal planteada\u201d, dijo. <\/p>\n<p style=\"text-align: justify\"> \u201cConsideramos que lo ideal es que si se va a realizar alg\u00fan cambio, sea para introducir mejoras al texto constitucional y no algo que se presenta como una amanpara para ocultar eventuales consecuencias derivadas de la mal llamada neutralidad estatal\u201d, a\u00f1adi\u00f3. <\/p>\n<p style=\"text-align: justify\"> Para Guevara, el Estado \u201ccomo ficci\u00f3n jur\u00eddica no puede tener religi\u00f3n\u201d e insisti\u00f3 en que esa reforma constitucional debe seguir adelante y aprobarse as\u00ed como el juramento constitucional. <\/p>\n<p style=\"text-align: justify\"> \u201cSi alguien no cree en Dios, porque puede haber gente atea, la idea es que esas personas juren por lo m\u00e1s sagrado de sus convicciones y por la Patria, no por un Dios en el que no creen\u201d, dijo. <\/p>\n<p style=\"text-align: justify\">Alvarado teme que de aprobarse el Estado Laico, la libertad religiosa y de culto se vean afectadas. <\/p>\n<p style=\"text-align: justify\"> \u201cMuchos de quienes hoy quieren un Estado Laico, lo visualizan como un estado donde personas como Abelino Esquivel, Mario Redondo, Gonzalo Ram\u00edrez o como Fabricio Alvarado (todos los anteriores son diputados evang\u00e9licos) no podr\u00edamos siquiera aspirar a ostentar un cargo p\u00fablico como el de diputado u ministro solo por el hecho de ser cristianos. Lo visualizan como un estado donde no se pueda visitar un hospital o una c\u00e1rcel para ir a orar por quienes est\u00e1n all\u00ed. Lo visualizan como un estado donde no se pueda utilizar un parque porque es un bien p\u00fablico para hacer una actividad de \u00edndole religioso\u201d, explica el mandatario. <\/p>\n<p style=\"text-align: justify\"> \u201cBasta con mirar en redes sociales cuando alguno de nosotros hace alguna intervenci\u00f3n relacionada con la defensa de nuestros principios y valores, y ver comentarios como: \u2018\u00a1Estado laico ya!\u2019 Como si la reforma al art\u00edculo 75 tuviera que ver con la presencia de diputados cristianos en la Asamblea Legislativa. Demostrando as\u00ed, no solo la ignorancia sino la fuerte intolerancia existente en los grupos que promueven esta reforma y que muy en lo oculto podr\u00edan pretender no un Estado laico o dicho de mejor forma aconfesional, sino un estado anti-Dios, que todo lo que huela a Dios es mejor eliminarlo\u201d, agreg\u00f3. <\/p>\n<p>El legislador Gonzalo Ram\u00edrez, concuerda con Alvarado. <\/p>\n<p style=\"text-align: justify\"> \u201cTener un Estado laico sin que exista libertad religiosa es un riesgo. Me opongo a un Estado que saque a Dios de las escuelas, de los colegios y de las leyes\u201d.  <\/p>\n<p style=\"text-align: justify\">Mientras tanto, el presidente de la Rep\u00fablica, Luis Guillermo Sol\u00eds, afirma que la reforma para hacer de Costa Rica un estado laico no est\u00e1 dentro de sus prioridades. <\/p>\n<p style=\"text-align: justify\">A mitad de a\u00f1o vence el plazo para discusi\u00f3n de la reforma, que declarar\u00eda al pa\u00eds neutral en materia religiosa, seg\u00fan Telenoticias. <\/p>\n<p style=\"text-align: justify\">En Am\u00e9rica Latina, Costa Rica es el \u00fanico estado confeso, es decir, que establece oficialmente su religi\u00f3n oficial, en este caso la cat\u00f3lica. <\/p>\n<p style=\"text-align: justify\"><em>Fuente: <strong>www.MundoCristiano.tv <\/strong><\/em><\/p>\n","protected":false},"excerpt":{"rendered":"<p>Un proyecto de ley que impulsa convertir a Costa Rica en un Estado laico, est\u00e1 generando contienda en el Congreso del pa\u00eds. Por su parte, el bloque evang\u00e9lico lucha para no se saque a Dios del pa\u00eds. Esta iniciativa fue presentada en el 2012, pero el Ejecutivo lo convoc\u00f3 recientemente. Sus impulsores buscan eliminar la &hellip; <a href=\"https:\/\/www.biblia.work\/noticias\/diputados-evangelicos-luchan-para-evitar-que-saquen-a-dios-de-costa-rica\/\" class=\"more-link\">Continuar leyendo<span class=\"screen-reader-text\"> \u00abDiputados evang\u00e9licos luchan para evitar que saquen a Dios de Costa Rica\u00bb<\/span><\/a><\/p>\n","protected":false},"author":1,"featured_media":0,"comment_status":"open","ping_status":"closed","sticky":false,"template":"","format":"standard","meta":{"footnotes":""},"categories":[1],"tags":[],"class_list":["post-2965","post","type-post","status-publish","format-standard","hentry","category-general"],"_links":{"self":[{"href":"https:\/\/www.biblia.work\/noticias\/wp-json\/wp\/v2\/posts\/2965","targetHints":{"allow":["GET"]}}],"collection":[{"href":"https:\/\/www.biblia.work\/noticias\/wp-json\/wp\/v2\/posts"}],"about":[{"href":"https:\/\/www.biblia.work\/noticias\/wp-json\/wp\/v2\/types\/post"}],"author":[{"embeddable":true,"href":"https:\/\/www.biblia.work\/noticias\/wp-json\/wp\/v2\/users\/1"}],"replies":[{"embeddable":true,"href":"https:\/\/www.biblia.work\/noticias\/wp-json\/wp\/v2\/comments?post=2965"}],"version-history":[{"count":0,"href":"https:\/\/www.biblia.work\/noticias\/wp-json\/wp\/v2\/posts\/2965\/revisions"}],"wp:attachment":[{"href":"https:\/\/www.biblia.work\/noticias\/wp-json\/wp\/v2\/media?parent=2965"}],"wp:term":[{"taxonomy":"category","embeddable":true,"href":"https:\/\/www.biblia.work\/noticias\/wp-json\/wp\/v2\/categories?post=2965"},{"taxonomy":"post_tag","embeddable":true,"href":"https:\/\/www.biblia.work\/noticias\/wp-json\/wp\/v2\/tags?post=2965"}],"curies":[{"name":"wp","href":"https:\/\/api.w.org\/{rel}","templated":true}]}}