{"id":2966,"date":"2016-04-22T14:05:03","date_gmt":"2016-04-22T19:05:03","guid":{"rendered":"http:\/\/www.biblia.work\/noticias\/china-este-obispo-sufrio-30-anos-de-carcel-y-amo-a-la-iglesia-hasta-la-muerte\/"},"modified":"2016-04-22T14:05:03","modified_gmt":"2016-04-22T19:05:03","slug":"china-este-obispo-sufrio-30-anos-de-carcel-y-amo-a-la-iglesia-hasta-la-muerte","status":"publish","type":"post","link":"https:\/\/www.biblia.work\/noticias\/china-este-obispo-sufrio-30-anos-de-carcel-y-amo-a-la-iglesia-hasta-la-muerte\/","title":{"rendered":"China: Este obispo sufri\u00f3 30 a\u00f1os de c\u00e1rcel y am\u00f3 a la Iglesia hasta la muerte"},"content":{"rendered":"<p> ROMA, 22 Abr. 16 (ACI).-<br \/>\n\tEl s&aacute;bado 2 de abril de 2016 ha fallecido, casi a los 96 a&ntilde;os, Mons. Tommaso Zeng Jingmu, Obispo Em&eacute;rito de Yujiang en la provincia china de Jiangxi.<\/p>\n<p style=\"text-align: justify\">\n\tSeg&uacute;n informa hoy la agencia vaticana Fides, el S&aacute;bado Santo 26 de marzo sufri&oacute; un ictus en su casa, cay&oacute; al suelo y sufr&iacute;&oacute; una grave conmoci&oacute;n cerebral. Fue ingresado en el hospital de Fuzhou y operado de urgencia.<\/p>\n<p style=\"text-align: justify\">\n\tDurante sus &uacute;ltimos momentos rezaba el Rosario e incluso bromeaba. El 2 de abril, sus condiciones de salud empeoraron de improviso y falleci&oacute; ese d&iacute;a a las 10:50 &nbsp;p.m.<\/p>\n<p style=\"text-align: justify\">\n\tEl funeral lo celebr&oacute; el 6 de abril en su casa, su sobrino, Prelado, el P. Zhongliang, de la di&oacute;cesis de Yujiang, junto con otros veinte sacerdotes. El Obispo no oficial de la di&oacute;cesis, Mons. Giovanni Peng Weizhao, vive desde hace alg&uacute;n tiempo con libertad limitada.<\/p>\n<p style=\"text-align: justify\">\n\tFides resalta que Mons. Zeng Jingmu pidi&oacute; en su testamento que su funeral se celebrase en su lugar de origen, de forma sencilla y sin hablar de sus m&eacute;ritos. En las exequias participaron miles de fieles de la di&oacute;cesis y de otras partes de China, agradecidos por el servicio que ha prestado a la Iglesia y a la comunidad diocesana durante m&aacute;s de 25 a&ntilde;os.<\/p>\n<p style=\"text-align: justify\">\n\tMons. Zeng Jingmu naci&oacute; el 23 de julio de 1919 en la aldea de Zengjiacun, distrito de Chongren, en la provincia de Jiangxi. En 1930 entr&oacute; en el Seminario de Wenshan de la di&oacute;cesis de Yujiang.<\/p>\n<p style=\"text-align: justify\">\n\tEn 1944 ingres&oacute; al Seminario mayor de Fuzhou en Fujian y en 1948 fue transferido a Wensheng, al Seminario del Zhejiang. Fue ordenado sacerdote el 25 de marzo de 1949.<\/p>\n<p style=\"text-align: justify\">\n\tFue vicep&aacute;rroco y p&aacute;rroco en varias comunidades. El 13 de enero de 1990 recibi&oacute; la ordenaci&oacute;n episcopal de manos de Mons. Giacomo Xie Shiguang, Obispo de Funing.<\/p>\n<p style=\"text-align: justify\">\n\tMons. Zeng Jingmu fue un firme defensor de la doctrina cat&oacute;lica y un valiente testigo de fidelidad a la Iglesia. Fue detenido en varias ocasiones y pas&oacute; tres d&eacute;cadas de su vida en prisi&oacute;n.<\/p>\n<p style=\"text-align: justify\">\n\tSu amor por Cristo, por la Iglesia y por el Santo Padre han sido un gran ejemplo para muchos, recuerda Fides.<\/p>\n<p style=\"text-align: justify\">\n\tEn su testamento espiritual pidi&oacute; perd&oacute;n por todos sus defectos y agradeci&oacute; a los sacerdotes de la di&oacute;cesis por su dedicaci&oacute;n y su servicio.<\/p>\n<p style=\"text-align: justify\">\n\tEntre otras cosas, esperaba construir en su pueblo de origen una iglesia dedicada al Inmaculado Coraz&oacute;n de Mar&iacute;a, en agradecimiento por su protecci&oacute;n y por las gracias obtenidas.<\/p>\n<p style=\"text-align: justify\">\n\tLa Iglesia Cat&oacute;lica en China<\/p>\n<p style=\"text-align: justify\">\n\tChina permite el culto cat&oacute;lico &uacute;nicamente a la Asociaci&oacute;n Patri&oacute;tica Cat&oacute;lica China, subalterna del Partido Comunista de China, y rechaza la autoridad del Vaticano para nombrar obispos o gobernarlos. La Iglesia Cat&oacute;lica fiel al Papa &nbsp;no es completamente clandestina; aunque es asediada constantemente.<\/p>\n<p style=\"text-align: justify\">\n\tLas relaciones diplom&aacute;ticas entre China y el Vaticano se rompieron en 1951, dos a&ntilde;os despu&eacute;s de la llegada al poder de los comunistas que expulsaron a los cl&eacute;rigos extranjeros.<\/p>\n<p style=\"text-align: justify\">\n\tEn diciembre de 2010, el nombramiento de un obispo leg&iacute;timamente ordenado como Presidente de la asociaci&oacute;n, durante una asamblea que sacerdotes y obispos fieles a Roma debieron atender a la fuerza, ha generado un distanciamiento entre el Vaticano y China.<\/p>\n<p style=\"text-align: justify\">\n\tDesde entonces la Santa Sede ha intentado acercarse a las autoridades del gobierno del gigante asi&aacute;tico.<\/p>\n<p style=\"text-align: justify\">\n\tEntre 2012 y 2015, China permiti&oacute; la ordenaci&oacute;n de dos obispos aprobados por el Vaticano, algo que permiti&oacute; cierto acercamiento diplom&aacute;tico.<\/p>\n<p style=\"text-align: justify\">\n\tEn agosto de 2014, mientras se dirig&iacute;a a Corea del Sur, el Papa Francisco envi&oacute; un telegrama al presidente de China, Xi Jinping, cuando su avi&oacute;n sobrevolaba el espacio a&eacute;reo del pa&iacute;s para expresarle sus mejores deseos y darle una bendici&oacute;n para esta naci&oacute;n.<\/p>\n<p style=\"text-align: justify\">\n\tEl hecho de que el Papa haya recibido permiso para sobrevolar el espacio a&eacute;reo chino fue considerado como un peque&ntilde;o paso adelante. El Papa Juan Pablo II tuvo que evitar el espacio a&eacute;reo de este pa&iacute;s durante sus viajes a Asia.<\/p>\n<p style=\"text-align: justify\">\n\tTambi&eacute;n te puede interesar:<\/p>\n<p style=\"text-align: justify\">\n\t\tDurante vuelo a Corea, Papa Francisco envi&oacute; bendici&oacute;n a China http:\/\/t.co\/qLvvmyijy2<\/p>\n<p>\t&mdash; ACI Prensa (@aciprensa) 14 de agosto de 2014<\/p>\n","protected":false},"excerpt":{"rendered":"<p>ROMA, 22 Abr. 16 (ACI).- El s&aacute;bado 2 de abril de 2016 ha fallecido, casi a los 96 a&ntilde;os, Mons. Tommaso Zeng Jingmu, Obispo Em&eacute;rito de Yujiang en la provincia china de Jiangxi. Seg&uacute;n informa hoy la agencia vaticana Fides, el S&aacute;bado Santo 26 de marzo sufri&oacute; un ictus en su casa, cay&oacute; al suelo &hellip; <a href=\"https:\/\/www.biblia.work\/noticias\/china-este-obispo-sufrio-30-anos-de-carcel-y-amo-a-la-iglesia-hasta-la-muerte\/\" class=\"more-link\">Continuar leyendo<span class=\"screen-reader-text\"> \u00abChina: Este obispo sufri\u00f3 30 a\u00f1os de c\u00e1rcel y am\u00f3 a la Iglesia hasta la muerte\u00bb<\/span><\/a><\/p>\n","protected":false},"author":1,"featured_media":0,"comment_status":"open","ping_status":"closed","sticky":false,"template":"","format":"standard","meta":{"footnotes":""},"categories":[1],"tags":[],"class_list":["post-2966","post","type-post","status-publish","format-standard","hentry","category-general"],"_links":{"self":[{"href":"https:\/\/www.biblia.work\/noticias\/wp-json\/wp\/v2\/posts\/2966","targetHints":{"allow":["GET"]}}],"collection":[{"href":"https:\/\/www.biblia.work\/noticias\/wp-json\/wp\/v2\/posts"}],"about":[{"href":"https:\/\/www.biblia.work\/noticias\/wp-json\/wp\/v2\/types\/post"}],"author":[{"embeddable":true,"href":"https:\/\/www.biblia.work\/noticias\/wp-json\/wp\/v2\/users\/1"}],"replies":[{"embeddable":true,"href":"https:\/\/www.biblia.work\/noticias\/wp-json\/wp\/v2\/comments?post=2966"}],"version-history":[{"count":0,"href":"https:\/\/www.biblia.work\/noticias\/wp-json\/wp\/v2\/posts\/2966\/revisions"}],"wp:attachment":[{"href":"https:\/\/www.biblia.work\/noticias\/wp-json\/wp\/v2\/media?parent=2966"}],"wp:term":[{"taxonomy":"category","embeddable":true,"href":"https:\/\/www.biblia.work\/noticias\/wp-json\/wp\/v2\/categories?post=2966"},{"taxonomy":"post_tag","embeddable":true,"href":"https:\/\/www.biblia.work\/noticias\/wp-json\/wp\/v2\/tags?post=2966"}],"curies":[{"name":"wp","href":"https:\/\/api.w.org\/{rel}","templated":true}]}}