{"id":2973,"date":"2016-04-23T04:15:02","date_gmt":"2016-04-23T09:15:02","guid":{"rendered":"http:\/\/www.biblia.work\/noticias\/aun-no-se-conocen-los-crimenes-del-comunismo-en-contra-de-los-cristianos\/"},"modified":"2016-04-23T04:15:02","modified_gmt":"2016-04-23T09:15:02","slug":"aun-no-se-conocen-los-crimenes-del-comunismo-en-contra-de-los-cristianos","status":"publish","type":"post","link":"https:\/\/www.biblia.work\/noticias\/aun-no-se-conocen-los-crimenes-del-comunismo-en-contra-de-los-cristianos\/","title":{"rendered":"\u2018A\u00fan no se conocen los cr\u00edmenes del comunismo en contra de los cristianos\u2019"},"content":{"rendered":"<p style=\"text-align: justify\">(ZENIT &#8211; Roma).- El Papa Francisco salud\u00f3 este mi\u00e9rcoles despu\u00e9s de la audiencia general, al sacerdote alban\u00e9s Ernest Simoni, que pas\u00f3 28 a\u00f1os en prisi\u00f3n, perseguido por el r\u00e9gimen comunista en Tirana, el simple hecho de ser sacerdote.<\/p>\n<p style=\"text-align: justify\">Fue un encuentro intenso\u00a0que\u00a0revela una herida a\u00fan abierta en el cuerpo de la Iglesia. De hecho, no se puede olvidar el dolor sufrido por los religiosos y tambi\u00e9n por muchos fieles durante el siglo pasado en Europa central y oriental y en la entonces Uni\u00f3n Sovi\u00e9tica.<\/p>\n<p style=\"text-align: justify\">La figura del padre Simoni es el paradigma de una perseverancia heroica de los cristianos que se enfrentaron incluso con el martirio con tal que no renunciar a su fe delante de la hoz y el martillo.<\/p>\n<p style=\"text-align: justify\">Experiencias de este tipo, las vivi\u00f3 tambi\u00e9n en su propia piel monse\u00f1or Cyril Vasil, eslovaco y actual secretario de la <em>Congregaci\u00f3n para las Iglesias Orientales<\/em> que el jueves en la <em>Pontifica Universidad Gregoriana<\/em>, present\u00f3 el libro \u201cLa Iglesia Cat\u00f3lica y el comunismo, en Europa centro oriental y en la Uni\u00f3n Sovi\u00e9tica&#8221;, escrito por el padre Jan Mikrut, profesor de dicha universidad.<\/p>\n<p style=\"text-align: justify\">Hijo de un sacerdote de la Iglesia Cat\u00f3lica griega de Eslovaquia, Mons. Vasil sufri\u00f3 la persecuci\u00f3n comunista que en la antigua Checoslovaquia, alcanz\u00f3 su punto m\u00e1ximo en 1950, con la supresi\u00f3n de todas las \u00f3rdenes religiosas.\u00a0El joven sacerdote Cyril Vasil se exili\u00f3 en 1987\u00a0de Checoslovaquia, ya que las autoridades le negaron el permiso para salir del pa\u00eds y por ello\u00a0fue sentenciado a dos a\u00f1os de prisi\u00f3n, veredicto que termin\u00f3 con el final del sistema comunista dos a\u00f1os m\u00e1s tarde.<\/p>\n<p style=\"text-align: justify\">Para el secretario de la Congregaci\u00f3n, los sufrimientos causados por el r\u00e9gimen comunista, son percibidos en occidente como m\u00e1s suaves de los infligidos por la dictadura nazi, a pesar de\u00a0caus\u00f3 incluso m\u00e1s v\u00edctimas, lo que se explicar\u00eda, consider\u00f3, porque todav\u00eda hay rasgos ideol\u00f3gicos en presente.<\/p>\n<p style=\"text-align: justify\">Mons. Vasil\u00a0explic\u00f3 que despu\u00e9s de Yalta, los reg\u00edmenes comunistas comenzaron a identificar inmediatamente la Iglesia Cat\u00f3lica como un enemigo y en este contexto, los sacerdotes eran particularmente indeseable y\u00a0dibuj\u00f3 \u00a0el modus operandi empleado por las autoridades comunistas en varios pa\u00edses de Europa central y oriental.<\/p>\n<p style=\"text-align: justify\">As\u00ed Mons. Vasil pande\u00f3\u00a0una pregunta filos\u00f3fica: &#8220;\u00bfQu\u00e9 relaci\u00f3n debe existir entre la justicia hist\u00f3rica y el perd\u00f3n?&#8221;. Teniendo en cuenta que &#8220;una sincera admisi\u00f3n de culpabilidad en la percepci\u00f3n com\u00fan de la gente, no ocurri\u00f3 ni en Europa occidental ni en los pa\u00edses protagonistas de estos acontecimientos&#8221;. O sea faltan los presupuestos para un verdadero perd\u00f3n, lo que claramente no significa una idea de venganza.<\/p>\n<p style=\"text-align: justify\">La publicaci\u00f3n del libro \u00a0&#8220;La Iglesia cat\u00f3lica y el comunismo en Europa central y oriental y en la Uni\u00f3n Sovi\u00e9tica&#8221; da un aporte en este sentido haciendo conocer diversos\u00a0hechos hist\u00f3ricos sucedidos en estos pa\u00edses.<\/p>\n<p style=\"text-align: justify\">El prelado record\u00f3 que para armonizar la justicia con el perd\u00f3n es necesario\u00a0abandonar los criterios puramente humanos. Por ello consider\u00f3 que la profundizaci\u00f3n de las ra\u00edces cristianas que se encuentran en tierras de Europa del Este puede ayudar a entender y vivir este tema.<\/p>\n<p style=\"text-align: justify\">Por otra parte, matiz\u00f3\u00a0que para poder\u00a0cumplir con nuestro deseo de justicia, hay que dirigirse\u00a0a ese juez que conoce el secreto de los corazones y que quiere conducir a la reconciliaci\u00f3n. S\u00f3lo entonces podremos dirigir nuestra mirada al pasado de la Europa centro-oriental, sin sufrir el dolor de una herida todav\u00eda abierta.<\/p>\n<p><span class=\"et_bloom_bottom_trigger\"><\/span><\/p>\n<p><a href=\"https:\/\/es.zenit.org\/\" target=\"_blank\" rel=\"nofollow\">Fuente: es.zenit.org<\/a><\/p>\n","protected":false},"excerpt":{"rendered":"<p>(ZENIT &#8211; Roma).- El Papa Francisco salud\u00f3 este mi\u00e9rcoles despu\u00e9s de la audiencia general, al sacerdote alban\u00e9s Ernest Simoni, que pas\u00f3 28 a\u00f1os en prisi\u00f3n, perseguido por el r\u00e9gimen comunista en Tirana, el simple hecho de ser sacerdote. Fue un encuentro intenso\u00a0que\u00a0revela una herida a\u00fan abierta en el cuerpo de la Iglesia. De hecho, no &hellip; <a href=\"https:\/\/www.biblia.work\/noticias\/aun-no-se-conocen-los-crimenes-del-comunismo-en-contra-de-los-cristianos\/\" class=\"more-link\">Continuar leyendo<span class=\"screen-reader-text\"> \u00ab\u2018A\u00fan no se conocen los cr\u00edmenes del comunismo en contra de los cristianos\u2019\u00bb<\/span><\/a><\/p>\n","protected":false},"author":1,"featured_media":0,"comment_status":"open","ping_status":"closed","sticky":false,"template":"","format":"standard","meta":{"footnotes":""},"categories":[1],"tags":[],"class_list":["post-2973","post","type-post","status-publish","format-standard","hentry","category-general"],"_links":{"self":[{"href":"https:\/\/www.biblia.work\/noticias\/wp-json\/wp\/v2\/posts\/2973","targetHints":{"allow":["GET"]}}],"collection":[{"href":"https:\/\/www.biblia.work\/noticias\/wp-json\/wp\/v2\/posts"}],"about":[{"href":"https:\/\/www.biblia.work\/noticias\/wp-json\/wp\/v2\/types\/post"}],"author":[{"embeddable":true,"href":"https:\/\/www.biblia.work\/noticias\/wp-json\/wp\/v2\/users\/1"}],"replies":[{"embeddable":true,"href":"https:\/\/www.biblia.work\/noticias\/wp-json\/wp\/v2\/comments?post=2973"}],"version-history":[{"count":0,"href":"https:\/\/www.biblia.work\/noticias\/wp-json\/wp\/v2\/posts\/2973\/revisions"}],"wp:attachment":[{"href":"https:\/\/www.biblia.work\/noticias\/wp-json\/wp\/v2\/media?parent=2973"}],"wp:term":[{"taxonomy":"category","embeddable":true,"href":"https:\/\/www.biblia.work\/noticias\/wp-json\/wp\/v2\/categories?post=2973"},{"taxonomy":"post_tag","embeddable":true,"href":"https:\/\/www.biblia.work\/noticias\/wp-json\/wp\/v2\/tags?post=2973"}],"curies":[{"name":"wp","href":"https:\/\/api.w.org\/{rel}","templated":true}]}}