{"id":2977,"date":"2016-04-23T07:15:02","date_gmt":"2016-04-23T12:15:02","guid":{"rendered":"http:\/\/www.biblia.work\/noticias\/el-jubileo-de-los-adolescentes-el-papa-francisco-salio-a-la-plaza-a-confesar\/"},"modified":"2016-04-23T07:15:02","modified_gmt":"2016-04-23T12:15:02","slug":"el-jubileo-de-los-adolescentes-el-papa-francisco-salio-a-la-plaza-a-confesar","status":"publish","type":"post","link":"https:\/\/www.biblia.work\/noticias\/el-jubileo-de-los-adolescentes-el-papa-francisco-salio-a-la-plaza-a-confesar\/","title":{"rendered":"El jubileo de los adolescentes: el papa Francisco sali\u00f3 a la Plaza a confesar"},"content":{"rendered":"<p style=\"text-align: justify\">(ZENIT &#8211; Ciudad del Vaticano).- Inici\u00f3 este s\u00e1bado por la ma\u00f1ana en Roma el jubileo de los adolescentes. Miles de muchachos entre 13 y 16 a\u00f1os llenaban la plaza de Castel Sant&#8217;Angelo y el corredor hacia la <em>Puerta Santa<\/em> en la<em> bas\u00edlica de San Pedro.<\/em><\/p>\n<p style=\"text-align: justify\">El Papa Francisco fue a\u00a0la plaza para confesar a los j\u00f3venes, causando mucha emoci\u00f3n entre ellos y la voz se corri\u00f3 r\u00e1pidamente, al punto que recogiendo opiniones, varios de ellos a\u00fan en el recorrido anterior a la Plaza, manifestaban el deseo de que el Papa les confiese.<\/p>\n<p style=\"text-align: justify\">ZENIT estuvo convers\u00f3 con varios coordinadores y j\u00f3venes. Cada grupo lleva algo identificativo, pa\u00f1uelos rojos, o amarillo, camiseta o polos de colores, sombreros coloridos, banderillas y carteles identificativos.<\/p>\n<p style=\"text-align: justify\">Un coordinador de unos 35 a\u00f1os dijo: &#8220;Soy David de la parroquia san Gegorio Barbarigo de Mil\u00e1n, aqu\u00ed est\u00e1n unos 40 j\u00f3venes m\u00e1s los educadores, hemos venido en tren. Es un momento muy particular para ellos porque les permite practicar la caridad fraterna entre ellos y que representa el amor que el Padre tiene por ellos. Dormimos en la parroquia del Sagrado Coraz\u00f3n de Jes\u00fas, aqu\u00ed cerca&#8221;.<\/p>\n<p style=\"text-align: justify\">Tonia de la Parroquia San Mauro de Lavello, en Basilicata nos dice: \u201cLo m\u00e1s lindo fue la emoci\u00f3n de la <em>Puerta Santa<\/em> y todos estos j\u00f3venes que est\u00e1n aqu\u00ed conmigo se han confesado, ha sido una experiencia lind\u00edsima. Llegamos ayer y nos quedamos hasta el 25, dormimos en la parroquia Santa Br\u00edgida\u201d.<\/p>\n<p style=\"text-align: justify\">Un joven intervino: \u201cVer al Papa no es algo de todos los d\u00edas y pasar por la <em>Puerta Santa<\/em> es algo que nos purifica\u201d. \u201cSer\u00eda lindo que el Papa me pudiera confesar\u201d, a\u00f1adi\u00f3 otro.<\/p>\n<p style=\"text-align: justify\">Nicoletta sonriendo nos dice: \u201cvenimos desde la di\u00f3ceesi de Gorizia, en tres pulman. Somos 147 y nos hospedan en la parroquia de San Alberto Magno, en el gimnasio con bolsas de dormir y estamos muy contentos\u201d.<\/p>\n<p style=\"text-align: justify\">Don Tierry, salesiano de Torino: \u201cEs una linda ocasi\u00f3n para asociar unos d\u00edas de vacaciones juntos, a un jubileo para ellos. Sus amigos m\u00e1s grandes van a la JMJ de Cracovia. Somos catorce y nos hospedan los salesianos en Testaccio&#8221;.<\/p>\n<p style=\"text-align: justify\">Don Giovanni que llega desde la ciudad de Fiumicino indica:\u00a0\u201cSomos 15 y nos quedamos solamente hoy. Por la noche iremos al Estadio Ol\u00edmpico. Visitaremos los diversos stand para conocer las obras de misericordia y visitaremos algunas bas\u00edlicas. A los j\u00f3venes les despert\u00f3 mucha ilusi\u00f3n juntarse con tantos de su edad y la idea de cruzar la Puerta Santa. No pens\u00e1bamos que ser\u00edamos tantos&#8221;.<\/p>\n<p style=\"text-align: justify\">El programa en la tarde prev\u00e9 un concierto y espect\u00e1culo en el Estadio Ol\u00edmpico y el domingo por la ma\u00f1ana es la misa con el papa Francisco.<\/p>\n<p><span class=\"et_bloom_bottom_trigger\"><\/span><\/p>\n<p><a href=\"https:\/\/es.zenit.org\/\" target=\"_blank\" rel=\"nofollow\">Fuente: es.zenit.org<\/a><\/p>\n","protected":false},"excerpt":{"rendered":"<p>(ZENIT &#8211; Ciudad del Vaticano).- Inici\u00f3 este s\u00e1bado por la ma\u00f1ana en Roma el jubileo de los adolescentes. Miles de muchachos entre 13 y 16 a\u00f1os llenaban la plaza de Castel Sant&#8217;Angelo y el corredor hacia la Puerta Santa en la bas\u00edlica de San Pedro. El Papa Francisco fue a\u00a0la plaza para confesar a los &hellip; <a href=\"https:\/\/www.biblia.work\/noticias\/el-jubileo-de-los-adolescentes-el-papa-francisco-salio-a-la-plaza-a-confesar\/\" class=\"more-link\">Continuar leyendo<span class=\"screen-reader-text\"> \u00abEl jubileo de los adolescentes: el papa Francisco sali\u00f3 a la Plaza a confesar\u00bb<\/span><\/a><\/p>\n","protected":false},"author":1,"featured_media":0,"comment_status":"open","ping_status":"closed","sticky":false,"template":"","format":"standard","meta":{"footnotes":""},"categories":[1],"tags":[],"class_list":["post-2977","post","type-post","status-publish","format-standard","hentry","category-general"],"_links":{"self":[{"href":"https:\/\/www.biblia.work\/noticias\/wp-json\/wp\/v2\/posts\/2977","targetHints":{"allow":["GET"]}}],"collection":[{"href":"https:\/\/www.biblia.work\/noticias\/wp-json\/wp\/v2\/posts"}],"about":[{"href":"https:\/\/www.biblia.work\/noticias\/wp-json\/wp\/v2\/types\/post"}],"author":[{"embeddable":true,"href":"https:\/\/www.biblia.work\/noticias\/wp-json\/wp\/v2\/users\/1"}],"replies":[{"embeddable":true,"href":"https:\/\/www.biblia.work\/noticias\/wp-json\/wp\/v2\/comments?post=2977"}],"version-history":[{"count":0,"href":"https:\/\/www.biblia.work\/noticias\/wp-json\/wp\/v2\/posts\/2977\/revisions"}],"wp:attachment":[{"href":"https:\/\/www.biblia.work\/noticias\/wp-json\/wp\/v2\/media?parent=2977"}],"wp:term":[{"taxonomy":"category","embeddable":true,"href":"https:\/\/www.biblia.work\/noticias\/wp-json\/wp\/v2\/categories?post=2977"},{"taxonomy":"post_tag","embeddable":true,"href":"https:\/\/www.biblia.work\/noticias\/wp-json\/wp\/v2\/tags?post=2977"}],"curies":[{"name":"wp","href":"https:\/\/api.w.org\/{rel}","templated":true}]}}