{"id":2980,"date":"2016-04-23T13:15:02","date_gmt":"2016-04-23T18:15:02","guid":{"rendered":"http:\/\/www.biblia.work\/noticias\/videomensaje-del-papa-a-los-adolescentes-del-jubileo-reunidos-en-el-estadio-olimpico\/"},"modified":"2016-04-23T13:15:02","modified_gmt":"2016-04-23T18:15:02","slug":"videomensaje-del-papa-a-los-adolescentes-del-jubileo-reunidos-en-el-estadio-olimpico","status":"publish","type":"post","link":"https:\/\/www.biblia.work\/noticias\/videomensaje-del-papa-a-los-adolescentes-del-jubileo-reunidos-en-el-estadio-olimpico\/","title":{"rendered":"Videomensaje del Papa a los adolescentes del Jubileo reunidos en el Estadio Ol\u00edmpico"},"content":{"rendered":"<p style=\"text-align: justify\">(ZENIT \u2013 Roma) El papa Francisco grab\u00f3 un videomensaje para los j\u00f3venes que participan en el Jubileo de los adolescentes y que se reunieron este s\u00e1bado por la noche en el evento programado en el Estadio Ol\u00edmpico de Roma.<\/p>\n<p style=\"text-align: justify\">El texto a\u00fan bajo embargo podr\u00e1 ser le\u00eddo en breve clicando aqu\u00ed.<\/p>\n<p style=\"text-align: justify\">Unos 70 mil j\u00f3venes de 13 a 16 a\u00f1os participan en este evento que inici\u00f3 hoy s\u00e1bado 23 y sigue hasta lunes 25 de abril.<\/p>\n<p style=\"text-align: justify\">Hoy la plaza de San Pedro se transform\u00f3 en un gran \u2018confesionario\u2019 y en el centro de la ciudad estuvieron \u2018las tiendas o carpas de la misericordia\u2019. Son tres d\u00edas de intenso programa, con oraci\u00f3n, confesi\u00f3n y peregrinaci\u00f3n a la Puerta Santa de la bas\u00edlica de San Pedro y otros eventos. Los j\u00f3venes m\u00e1s grandes en cambio tienen su &#8216;jubileo&#8217; en la Jornada Mundial de la Juventud que se realizar\u00e1 este a\u00f1o en Polonia.<\/p>\n<p style=\"text-align: justify\">El momento m\u00e1s importante del &#8216;Giubileo dei Ragazzi&#8217; ser\u00e1 este domingo, cuando los j\u00f3venes llenar\u00e1n la Plaza de San Pedro para estar junto al Papa Francisco, en este evento organizado por el Pontificio Consejo para la Nueva Evangelizaci\u00f3n.<\/p>\n<p><span class=\"et_bloom_bottom_trigger\"><\/span><\/p>\n<p><a href=\"https:\/\/es.zenit.org\/\" target=\"_blank\" rel=\"nofollow\">Fuente: es.zenit.org<\/a><\/p>\n","protected":false},"excerpt":{"rendered":"<p>(ZENIT \u2013 Roma) El papa Francisco grab\u00f3 un videomensaje para los j\u00f3venes que participan en el Jubileo de los adolescentes y que se reunieron este s\u00e1bado por la noche en el evento programado en el Estadio Ol\u00edmpico de Roma. El texto a\u00fan bajo embargo podr\u00e1 ser le\u00eddo en breve clicando aqu\u00ed. Unos 70 mil j\u00f3venes &hellip; <a href=\"https:\/\/www.biblia.work\/noticias\/videomensaje-del-papa-a-los-adolescentes-del-jubileo-reunidos-en-el-estadio-olimpico\/\" class=\"more-link\">Continuar leyendo<span class=\"screen-reader-text\"> \u00abVideomensaje del Papa a los adolescentes del Jubileo reunidos en el Estadio Ol\u00edmpico\u00bb<\/span><\/a><\/p>\n","protected":false},"author":1,"featured_media":0,"comment_status":"open","ping_status":"closed","sticky":false,"template":"","format":"standard","meta":{"footnotes":""},"categories":[1],"tags":[],"class_list":["post-2980","post","type-post","status-publish","format-standard","hentry","category-general"],"_links":{"self":[{"href":"https:\/\/www.biblia.work\/noticias\/wp-json\/wp\/v2\/posts\/2980","targetHints":{"allow":["GET"]}}],"collection":[{"href":"https:\/\/www.biblia.work\/noticias\/wp-json\/wp\/v2\/posts"}],"about":[{"href":"https:\/\/www.biblia.work\/noticias\/wp-json\/wp\/v2\/types\/post"}],"author":[{"embeddable":true,"href":"https:\/\/www.biblia.work\/noticias\/wp-json\/wp\/v2\/users\/1"}],"replies":[{"embeddable":true,"href":"https:\/\/www.biblia.work\/noticias\/wp-json\/wp\/v2\/comments?post=2980"}],"version-history":[{"count":0,"href":"https:\/\/www.biblia.work\/noticias\/wp-json\/wp\/v2\/posts\/2980\/revisions"}],"wp:attachment":[{"href":"https:\/\/www.biblia.work\/noticias\/wp-json\/wp\/v2\/media?parent=2980"}],"wp:term":[{"taxonomy":"category","embeddable":true,"href":"https:\/\/www.biblia.work\/noticias\/wp-json\/wp\/v2\/categories?post=2980"},{"taxonomy":"post_tag","embeddable":true,"href":"https:\/\/www.biblia.work\/noticias\/wp-json\/wp\/v2\/tags?post=2980"}],"curies":[{"name":"wp","href":"https:\/\/api.w.org\/{rel}","templated":true}]}}