{"id":2985,"date":"2016-04-24T03:05:02","date_gmt":"2016-04-24T08:05:02","guid":{"rendered":"http:\/\/www.biblia.work\/noticias\/un-dia-como-hoy-ocurrio-el-genocidio-armenio\/"},"modified":"2016-04-24T03:05:02","modified_gmt":"2016-04-24T08:05:02","slug":"un-dia-como-hoy-ocurrio-el-genocidio-armenio","status":"publish","type":"post","link":"https:\/\/www.biblia.work\/noticias\/un-dia-como-hoy-ocurrio-el-genocidio-armenio\/","title":{"rendered":"Un d\u00eda como hoy ocurri\u00f3 el genocidio armenio"},"content":{"rendered":"<p> REDACCI\u00d3N CENTRAL, 24 Abr. 16 (ACI).-<br \/>\n\tEl genocidio armenio fue el asesinato de m&aacute;s de un mill&oacute;n y medio de armenios cristianos por parte del Imperio Turco Otomano desde 1915 hasta 1923. Hoy 24 de abril se conmemoran 101 a&ntilde;os desde que se inici&oacute; esta masacre.<\/p>\n<p style=\"text-align: justify\">\n\tEl 24 de abril de 1915, las autoridades otomanas detuvieron a 235 miembros de la comunidad de armenios en Estambul. Los d&iacute;as posteriores la cifra de detenidos ascendi&oacute; a 600.<\/p>\n<p style=\"text-align: justify\">\n\tM&aacute;s adelante el gobierno orden&oacute; la expulsi&oacute;n de toda la poblaci&oacute;n armenia, que tuvo que caminar cientos de kil&oacute;metros por el desierto, sufriendo hambre, sed, p&eacute;rdidas de vidas humanas, robos y violaciones por parte de los gendarmes musulmanes que deb&iacute;an protegerlos, a menudo en combinaci&oacute;n con bandas de asesinos y bandoleros.<\/p>\n<p style=\"text-align: justify\">\n\t&nbsp;<\/p>\n<p style=\"text-align: justify\">\n\t\t#PapaFrancisco recuerda v&iacute;ctimas de genocidio armenio y pide al pueblo ser fiel a Cristo http:\/\/t.co\/EqLaK2ZZ7T pic.twitter.com\/zBOabGTsHV<\/p>\n<p>\t&mdash; ACI Prensa (@aciprensa) abril 9, 2015<\/p>\n<p style=\"text-align: justify\">\n\t&nbsp;<\/p>\n<p style=\"text-align: justify\">\n\tEl domingo 12 de abril del 2015 el Papa Francisco conmemor&oacute; con miles de fieles los cien a&ntilde;os de este genocidio.<\/p>\n<p style=\"text-align: justify\">\n\t&ldquo;La humanidad conoci&oacute; en el siglo pasado tres grandes tragedias inauditas: la primera, que generalmente es considerada como &lsquo;el primer genocidio del siglo XX&rsquo;, afligi&oacute; a su pueblo armenio &ndash;primera naci&oacute;n cristiana&ndash;, junto a los sirios cat&oacute;licos y ortodoxos, los asirios, los caldeos y los griegos. Fueron asesinados obispos, sacerdotes, religiosos, mujeres, hombres, ancianos e incluso ni&ntilde;os y enfermos indefensos&rdquo;, expres&oacute;.<\/p>\n<p style=\"text-align: justify\">\n\t&ldquo;Hoy recordamos, con el coraz&oacute;n traspasado de dolor, pero lleno de esperanza en el Se&ntilde;or Resucitado, el centenario de aquel tr&aacute;gico hecho, de aquel exterminio terrible y sin sentido, que vuestros antepasados padecieron cruelmente. Es necesario recordarlos, es m&aacute;s, es obligado recordarlos, porque donde se pierde la memoria quiere decir que el mal mantiene a&uacute;n la herida abierta; esconder o negar el mal es como dejar que una herida siga sangrando sin curarla&rdquo;, a&ntilde;adi&oacute;.<\/p>\n<p style=\"text-align: justify\">\n\tEse mismo d&iacute;a, Turqu&iacute;a llam&oacute; al Nuncio Apost&oacute;lico en el pa&iacute;s, Mons. Antonio Lucibello. Dos d&iacute;as despu&eacute;s el presidente turco Recep Tayyip Erdogan atac&oacute; al Pont&iacute;fice y lo acus&oacute; de sacar los hechos de su &ldquo;contexto&rdquo;. &ldquo;Yo condeno al Papa y le advierto de que no cometa errores como este otra vez&rdquo;, expres&oacute;.<\/p>\n<p style=\"text-align: justify\">\n\t&nbsp;<\/p>\n<p style=\"text-align: justify\">\n\t\t#ParlamentoEurope respalda a #PapaFrancisco : #Turqu&iacute;a debe reconocer #GenocidioArmenio http:\/\/t.co\/kHVC9uqFRg pic.twitter.com\/dPVsOKHDkN<\/p>\n<p>\t&mdash; Eduardo Berdejo (@eberdejor) abril 17, 2015<\/p>\n<p style=\"text-align: justify\">\n\t&nbsp;<\/p>\n<p style=\"text-align: justify\">\n\tSin embargo, el 15 de abril del a&ntilde;o pasado el Parlamento Europeo aprob&oacute; una resoluci&oacute;n donde elogia el discurso de Francisco y llama a Turqu&iacute;a a reconocer que lo sucedido entre 1915 y 1917 fue un &ldquo;genocidio&rdquo;.<\/p>\n<p style=\"text-align: justify\">\n\tAl d&iacute;a siguiente, Radio Vaticana public&oacute; la declaraci&oacute;n del vocero vaticano, P. Federico Lombardi, quien explic&oacute; que las palabras del Papa Francisco &ldquo;se insertan en una l&iacute;nea ya trazada por Juan Pablo II&rdquo;. &ldquo;Lo que ha dicho el Papa me parece claro como el sol. Ha usado el t&eacute;rmino &lsquo;genocidio&rsquo;, continuando con el uso ya acu&ntilde;ado de esta definici&oacute;n, de esta palabra&rdquo;, se&ntilde;al&oacute;.<\/p>\n<p style=\"text-align: justify\">\n\tLa Iglesia Apost&oacute;lica Armenia (cristianos no cat&oacute;licos), por su parte, declar&oacute; &ldquo;m&aacute;rtires&rdquo; el jueves 23 de abril del 2015 los 1.5 millones de v&iacute;ctimas, en el marco de las conmemoraciones por los cien a&ntilde;os del inicio del holocausto.<\/p>\n<p style=\"text-align: justify\">\n\tEl 9 de abril del 2016 la Sala de Prensa de la Santa Sede inform&oacute; que el Sumo Pont&iacute;fice realizar&aacute; un viaje apost&oacute;lico a&nbsp;Armenia del 24 al 26 de junio.<\/p>\n<p style=\"text-align: justify\">\n\t\tAnuncian nuevos viajes del Papa Francisco para 2016 https:\/\/t.co\/dbDgZrHIbW<\/p>\n<p>\t&mdash; ACI Prensa (@aciprensa) 9 de abril de 2016<\/p>\n<p style=\"text-align: justify\">\n\t&nbsp;<\/p>\n<p style=\"text-align: justify\">\n\t&nbsp;<\/p>\n","protected":false},"excerpt":{"rendered":"<p>REDACCI\u00d3N CENTRAL, 24 Abr. 16 (ACI).- El genocidio armenio fue el asesinato de m&aacute;s de un mill&oacute;n y medio de armenios cristianos por parte del Imperio Turco Otomano desde 1915 hasta 1923. Hoy 24 de abril se conmemoran 101 a&ntilde;os desde que se inici&oacute; esta masacre. El 24 de abril de 1915, las autoridades otomanas &hellip; <a href=\"https:\/\/www.biblia.work\/noticias\/un-dia-como-hoy-ocurrio-el-genocidio-armenio\/\" class=\"more-link\">Continuar leyendo<span class=\"screen-reader-text\"> \u00abUn d\u00eda como hoy ocurri\u00f3 el genocidio armenio\u00bb<\/span><\/a><\/p>\n","protected":false},"author":1,"featured_media":0,"comment_status":"open","ping_status":"closed","sticky":false,"template":"","format":"standard","meta":{"footnotes":""},"categories":[1],"tags":[],"class_list":["post-2985","post","type-post","status-publish","format-standard","hentry","category-general"],"_links":{"self":[{"href":"https:\/\/www.biblia.work\/noticias\/wp-json\/wp\/v2\/posts\/2985","targetHints":{"allow":["GET"]}}],"collection":[{"href":"https:\/\/www.biblia.work\/noticias\/wp-json\/wp\/v2\/posts"}],"about":[{"href":"https:\/\/www.biblia.work\/noticias\/wp-json\/wp\/v2\/types\/post"}],"author":[{"embeddable":true,"href":"https:\/\/www.biblia.work\/noticias\/wp-json\/wp\/v2\/users\/1"}],"replies":[{"embeddable":true,"href":"https:\/\/www.biblia.work\/noticias\/wp-json\/wp\/v2\/comments?post=2985"}],"version-history":[{"count":0,"href":"https:\/\/www.biblia.work\/noticias\/wp-json\/wp\/v2\/posts\/2985\/revisions"}],"wp:attachment":[{"href":"https:\/\/www.biblia.work\/noticias\/wp-json\/wp\/v2\/media?parent=2985"}],"wp:term":[{"taxonomy":"category","embeddable":true,"href":"https:\/\/www.biblia.work\/noticias\/wp-json\/wp\/v2\/categories?post=2985"},{"taxonomy":"post_tag","embeddable":true,"href":"https:\/\/www.biblia.work\/noticias\/wp-json\/wp\/v2\/tags?post=2985"}],"curies":[{"name":"wp","href":"https:\/\/api.w.org\/{rel}","templated":true}]}}