{"id":2992,"date":"2016-04-24T08:15:02","date_gmt":"2016-04-24T13:15:02","guid":{"rendered":"http:\/\/www.biblia.work\/noticias\/francisco-en-el-regina-coeli-pide-liberen-a-los-secuestrados-en-siria-y-en-el-mundo\/"},"modified":"2016-04-24T08:15:02","modified_gmt":"2016-04-24T13:15:02","slug":"francisco-en-el-regina-coeli-pide-liberen-a-los-secuestrados-en-siria-y-en-el-mundo","status":"publish","type":"post","link":"https:\/\/www.biblia.work\/noticias\/francisco-en-el-regina-coeli-pide-liberen-a-los-secuestrados-en-siria-y-en-el-mundo\/","title":{"rendered":"Francisco en el Regina Coeli pide liberen a los secuestrados en Siria y en el mundo"},"content":{"rendered":"<p style=\"text-align: justify\">(ZENIT \u2013 Ciudad del Vaticano).-\u00a0Terminada\u00a0la misa que el papa Fancisco celebr\u00f3 en la Plaza de San Pedro, delante de unos 70 mil j\u00f3venes participantes al Jubileo de la Misericordia, y\u00a0con motivo\u00a0del canto del Regina Coeli, el Papa dijo las siguientes palabras.<\/p>\n<p style=\"text-align: justify\"><strong><em>Texto completo:<\/em><\/strong><\/p>\n<p style=\"text-align: justify\">\u201cAl concluir esta celebraci\u00f3n jubilar, mi pensamiento se dirige de manera particular a ustedes, queridos chicos y chicas. Vinieron desde Italia y desde diversas partes del mundo para vivir momentos de fe y de fraterna convivencia. Gracias por vuestra alegre y ruidoso testimonio. \u00a1Vayan adelante con coraje!.<\/p>\n<p style=\"text-align: justify\">Ayer en Burgos, Espa\u00f1a, fueron proclamados beatos los sacerdotes Valent\u00edn Palencia Marquina y sus cuatro compa\u00f1eros m\u00e1rtires, j\u00f3venes asesinados por su fe durante la Guerra civil espa\u00f1ola. Alabemos al Se\u00f1or por estos valientes testimonios suyos, y por su intercesi\u00f3n supliqu\u00e9mosle de liberar al mundo de toda las violencias.<\/p>\n<p style=\"text-align: justify\">Siempre est\u00e1 viva en mi la preocupaci\u00f3n por los hermanos obispos, sacerdotes y religiosos, cat\u00f3licos y ortodoxos, secuestrados desde hace mucho tiempo en Siria. Dios Misericordioso toque el coraz\u00f3n de los secuestradores y conceda lo antes posible a estos hermanos nuestros que sean liberados y que puedan volver a sus comunidades. Por ello les invito a todos a rezar, sin olvidarse de las otras personas secuestradas en el mundo.<\/p>\n<p style=\"text-align: justify\">Confiamos nuestras aspiraciones y nuestras esperanzas a la intercesi\u00f3n de Mar\u00eda, Madre de Misericordia&#8221;.<\/p>\n<p style=\"text-align: justify\"><em>(Despu\u00e9s de la bendici\u00f3n).<\/em><\/p>\n<p style=\"text-align: justify\">&#8220;Queridos j\u00f3venes, han celebrado el Jubileo: ahora vuelvan a su casa con la alegr\u00eda de vuestra identidad cristiana. De pi\u00e9, con la cabeza alta, y con vuestra de identidad en vuestras manos y en vuestro coraz\u00f3n. Que el Se\u00f1or les acompa\u00f1e. Y por favor recen tambi\u00e9n por m\u00ed. Gracias\u201d.<\/p>\n<p style=\"text-align: justify\">(Texto completo traducido por ZENIT desde el audio).<\/p>\n<p><span class=\"et_bloom_bottom_trigger\"><\/span><\/p>\n<p><a href=\"https:\/\/es.zenit.org\/\" target=\"_blank\" rel=\"nofollow\">Fuente: es.zenit.org<\/a><\/p>\n","protected":false},"excerpt":{"rendered":"<p>(ZENIT \u2013 Ciudad del Vaticano).-\u00a0Terminada\u00a0la misa que el papa Fancisco celebr\u00f3 en la Plaza de San Pedro, delante de unos 70 mil j\u00f3venes participantes al Jubileo de la Misericordia, y\u00a0con motivo\u00a0del canto del Regina Coeli, el Papa dijo las siguientes palabras. Texto completo: \u201cAl concluir esta celebraci\u00f3n jubilar, mi pensamiento se dirige de manera particular &hellip; <a href=\"https:\/\/www.biblia.work\/noticias\/francisco-en-el-regina-coeli-pide-liberen-a-los-secuestrados-en-siria-y-en-el-mundo\/\" class=\"more-link\">Continuar leyendo<span class=\"screen-reader-text\"> \u00abFrancisco en el Regina Coeli pide liberen a los secuestrados en Siria y en el mundo\u00bb<\/span><\/a><\/p>\n","protected":false},"author":1,"featured_media":0,"comment_status":"open","ping_status":"closed","sticky":false,"template":"","format":"standard","meta":{"footnotes":""},"categories":[1],"tags":[],"class_list":["post-2992","post","type-post","status-publish","format-standard","hentry","category-general"],"_links":{"self":[{"href":"https:\/\/www.biblia.work\/noticias\/wp-json\/wp\/v2\/posts\/2992","targetHints":{"allow":["GET"]}}],"collection":[{"href":"https:\/\/www.biblia.work\/noticias\/wp-json\/wp\/v2\/posts"}],"about":[{"href":"https:\/\/www.biblia.work\/noticias\/wp-json\/wp\/v2\/types\/post"}],"author":[{"embeddable":true,"href":"https:\/\/www.biblia.work\/noticias\/wp-json\/wp\/v2\/users\/1"}],"replies":[{"embeddable":true,"href":"https:\/\/www.biblia.work\/noticias\/wp-json\/wp\/v2\/comments?post=2992"}],"version-history":[{"count":0,"href":"https:\/\/www.biblia.work\/noticias\/wp-json\/wp\/v2\/posts\/2992\/revisions"}],"wp:attachment":[{"href":"https:\/\/www.biblia.work\/noticias\/wp-json\/wp\/v2\/media?parent=2992"}],"wp:term":[{"taxonomy":"category","embeddable":true,"href":"https:\/\/www.biblia.work\/noticias\/wp-json\/wp\/v2\/categories?post=2992"},{"taxonomy":"post_tag","embeddable":true,"href":"https:\/\/www.biblia.work\/noticias\/wp-json\/wp\/v2\/tags?post=2992"}],"curies":[{"name":"wp","href":"https:\/\/api.w.org\/{rel}","templated":true}]}}