{"id":2996,"date":"2016-04-24T13:15:02","date_gmt":"2016-04-24T18:15:02","guid":{"rendered":"http:\/\/www.biblia.work\/noticias\/visita-a-sorpresa-del-papa-francisco-al-villagio-per-la-terra\/"},"modified":"2016-04-24T13:15:02","modified_gmt":"2016-04-24T18:15:02","slug":"visita-a-sorpresa-del-papa-francisco-al-villagio-per-la-terra","status":"publish","type":"post","link":"https:\/\/www.biblia.work\/noticias\/visita-a-sorpresa-del-papa-francisco-al-villagio-per-la-terra\/","title":{"rendered":"Visita a sorpresa del papa Francisco al \u2018Villagio per la Terra\u2019"},"content":{"rendered":"<p style=\"text-align: justify\">(ZENIT &#8211; \u00a0Roma).- El papa Francisco realiz\u00f3 este domingo por la tarde una visita a sorpresa al evento &#8220;Villagio per la Terra, lavorare sempre per trasformare i deserti in foreste&#8221;\u00a0que se realiza en Roma en la Villa Borghese, uno de los parques centrales de la urbe.<br \/>\nAcompa\u00f1ado por el sustituto de la Secretar\u00eda de Estado para los asuntos generales, Mons. Becciu, el Santo Padre fue recibido por la presidenta de los Focolares, Mar\u00eda Voce y por el presidente de Pontificio Consejo para la Nueva Evangelizaci\u00f3n, Mons. Rino Fisichella.<\/p>\n<p style=\"text-align: justify\">En el\u00a0stand que estaba a cargo del Movimiento de los Focolares, le explicaron al Papa la iniciativa, acompa\u00f1ada por los testimonios de algunas personas empe\u00f1adas en obras de misericordia. El Santo Padre les entreg\u00f3 la hoja con el discurso escrito que hab\u00eda preparado para la ocasi\u00f3n, y tomando el micr\u00f3fono improvis\u00f3 algunas palabras.<\/p>\n<p><span class=\"et_bloom_bottom_trigger\"><\/span><\/p>\n<p><a href=\"https:\/\/es.zenit.org\/\" target=\"_blank\" rel=\"nofollow\">Fuente: es.zenit.org<\/a><\/p>\n","protected":false},"excerpt":{"rendered":"<p>(ZENIT &#8211; \u00a0Roma).- El papa Francisco realiz\u00f3 este domingo por la tarde una visita a sorpresa al evento &#8220;Villagio per la Terra, lavorare sempre per trasformare i deserti in foreste&#8221;\u00a0que se realiza en Roma en la Villa Borghese, uno de los parques centrales de la urbe. Acompa\u00f1ado por el sustituto de la Secretar\u00eda de Estado &hellip; <a href=\"https:\/\/www.biblia.work\/noticias\/visita-a-sorpresa-del-papa-francisco-al-villagio-per-la-terra\/\" class=\"more-link\">Continuar leyendo<span class=\"screen-reader-text\"> \u00abVisita a sorpresa del papa Francisco al \u2018Villagio per la Terra\u2019\u00bb<\/span><\/a><\/p>\n","protected":false},"author":1,"featured_media":0,"comment_status":"open","ping_status":"closed","sticky":false,"template":"","format":"standard","meta":{"footnotes":""},"categories":[1],"tags":[],"class_list":["post-2996","post","type-post","status-publish","format-standard","hentry","category-general"],"_links":{"self":[{"href":"https:\/\/www.biblia.work\/noticias\/wp-json\/wp\/v2\/posts\/2996","targetHints":{"allow":["GET"]}}],"collection":[{"href":"https:\/\/www.biblia.work\/noticias\/wp-json\/wp\/v2\/posts"}],"about":[{"href":"https:\/\/www.biblia.work\/noticias\/wp-json\/wp\/v2\/types\/post"}],"author":[{"embeddable":true,"href":"https:\/\/www.biblia.work\/noticias\/wp-json\/wp\/v2\/users\/1"}],"replies":[{"embeddable":true,"href":"https:\/\/www.biblia.work\/noticias\/wp-json\/wp\/v2\/comments?post=2996"}],"version-history":[{"count":0,"href":"https:\/\/www.biblia.work\/noticias\/wp-json\/wp\/v2\/posts\/2996\/revisions"}],"wp:attachment":[{"href":"https:\/\/www.biblia.work\/noticias\/wp-json\/wp\/v2\/media?parent=2996"}],"wp:term":[{"taxonomy":"category","embeddable":true,"href":"https:\/\/www.biblia.work\/noticias\/wp-json\/wp\/v2\/categories?post=2996"},{"taxonomy":"post_tag","embeddable":true,"href":"https:\/\/www.biblia.work\/noticias\/wp-json\/wp\/v2\/tags?post=2996"}],"curies":[{"name":"wp","href":"https:\/\/api.w.org\/{rel}","templated":true}]}}