{"id":3011,"date":"2016-04-25T14:05:02","date_gmt":"2016-04-25T19:05:02","guid":{"rendered":"http:\/\/www.biblia.work\/noticias\/mexico-estatua-del-papa-francisco-estara-lista-en-mayo\/"},"modified":"2016-04-25T14:05:02","modified_gmt":"2016-04-25T19:05:02","slug":"mexico-estatua-del-papa-francisco-estara-lista-en-mayo","status":"publish","type":"post","link":"https:\/\/www.biblia.work\/noticias\/mexico-estatua-del-papa-francisco-estara-lista-en-mayo\/","title":{"rendered":"M\u00e9xico: Estatua del Papa Francisco estar\u00e1 lista en mayo"},"content":{"rendered":"<p> CIUDAD JU\u00c1REZ, 25 Abr. 16 (ACI).-<br \/>\n\tLa primera estatua del Papa Francisco en el mundo que se construye en Ciudad Ju&aacute;rez (M&eacute;xico) para conmemorar su visita a aquella ciudad el pasado 17 de febrero, estar&aacute; finalmente terminada el pr&oacute;ximo mes de mayo. &nbsp;<\/p>\n<p style=\"text-align: justify\">\n\t&nbsp;<\/p>\n<p style=\"text-align: justify\">\n\t\tEn punto de las 5 les mostraremos la estatua que preparan de El Papa Francisco en Cd. Ju&aacute;rez @TelemundoEP pic.twitter.com\/XnylT4KTJi<\/p>\n<p>\t&mdash; Ivette Sanchez (@Ivette_KTDO) 27 de enero de 2016<\/p>\n<p style=\"text-align: justify\">\n\tEsta obra que medir&aacute; 5 metros de altura y contendr&aacute; una tonelada de bronce est&aacute; a cargo del famoso escultor local Pedro Francisco Rodr&iacute;guez, que considera al Santo Padre como &ldquo;el personaje m&aacute;s carism&aacute;tico que hay en el mundo actualmente&rdquo;, seg&uacute;n destac&oacute; el medio local Norte Digital.<\/p>\n<p style=\"text-align: justify\">\n\t&ldquo;Todos los d&iacute;as se avanza, todos los d&iacute;as se hace algo, no nos detenemos, por eso calculamos terminar para fines de mayo&rdquo;, se&ntilde;al&oacute; sobre la escultura financiada por empresarios de la ciudad.<\/p>\n<p style=\"text-align: justify\">\n\tTambi&eacute;n explic&oacute; que cuando est&eacute; terminada, la escultura ser&aacute; de color blanco. El dise&ntilde;o muestra a Francisco sonriente, con sotana blanca, una faja, zapatos negros, y sosteniendo en la mano izquierda una paloma alzando vuelo.<\/p>\n<p style=\"text-align: justify\">\n\t&nbsp;<\/p>\n<p style=\"text-align: justify\">\n\t\tM&eacute;xico: Re&uacute;nem milh&otilde;es de chaves para fazer est&aacute;tua de bronze do Papa Francisco https:\/\/t.co\/ZTJ1N3q25n pic.twitter.com\/FtvdlYtJdH<\/p>\n<p>\t&mdash; ACI Digital (@acidigital) 27 de enero de 2016<\/p>\n<p style=\"text-align: justify\">\n\t&nbsp;<\/p>\n<p style=\"text-align: justify\">\n\tLa construcci&oacute;n se inici&oacute; en diciembre de 2015 con m&aacute;s de 800 kilos de plastilina que sirvieron para modelar la figura del Santo Padre. Despu&eacute;s se tomaron alrededor de 90 moldes de yeso de la escultura de plastilina para obtener un molde de cer&aacute;mica, y finalmente lograr fundir las piezas de bronce para crear una nueva estatua.<\/p>\n<p style=\"text-align: justify\">\n\tTras este proceso el metal es pulido, limpiado y pintado de blanco con tintes especiales.<\/p>\n<p style=\"text-align: justify\">\n\tSeg&uacute;n el artista lo m&aacute;s trabajoso fue crear el rostro del Papa porque fue hecho en su totalidad de bronce y tuvo que dedicarle dos meses enteros en esculpir su expresi&oacute;n. De igual modo las manos significaron otro desaf&iacute;o, ya que tuvo que hacer un an&aacute;lisis en 3D para capturar los detalles.<\/p>\n<p style=\"text-align: justify\">\n\tPor otra parte, las zapatillas ser&aacute;n de color negro y se ver&aacute;n desgastadas para mostrar la sencillez y humildad del Santo Padre, mientras que la paloma sobre su mano tendr&aacute; la caracter&iacute;stica de ser el doble de tama&ntilde;o que una real.<\/p>\n<p style=\"text-align: justify\">\n\tPedro Francisco Rodr&iacute;guez inici&oacute; su carrera en el arte hace 40 a&ntilde;os y es creador de esculturas como el monumento al Polic&iacute;a Ca&iacute;do, el monumento al Bombero, la escultura de Santa Teresa de &Aacute;vila y el Umbral del Milenio.<\/p>\n<p style=\"text-align: justify\">\n\tTambi&eacute;n te puede interesar:<\/p>\n<p style=\"text-align: justify\">\n\t&nbsp;<\/p>\n<p style=\"text-align: justify\">\n\t\tMuseo parisino estrena estatua de cera del Papa Francisco http:\/\/t.co\/7DczgCutVP<\/p>\n<p>\t&mdash; ACI Prensa (@aciprensa) 9 de abril de 2015<\/p>\n<p style=\"text-align: justify\">\n\t&nbsp;<\/p>\n","protected":false},"excerpt":{"rendered":"<p>CIUDAD JU\u00c1REZ, 25 Abr. 16 (ACI).- La primera estatua del Papa Francisco en el mundo que se construye en Ciudad Ju&aacute;rez (M&eacute;xico) para conmemorar su visita a aquella ciudad el pasado 17 de febrero, estar&aacute; finalmente terminada el pr&oacute;ximo mes de mayo. &nbsp; &nbsp; En punto de las 5 les mostraremos la estatua que preparan &hellip; <a href=\"https:\/\/www.biblia.work\/noticias\/mexico-estatua-del-papa-francisco-estara-lista-en-mayo\/\" class=\"more-link\">Continuar leyendo<span class=\"screen-reader-text\"> \u00abM\u00e9xico: Estatua del Papa Francisco estar\u00e1 lista en mayo\u00bb<\/span><\/a><\/p>\n","protected":false},"author":1,"featured_media":0,"comment_status":"open","ping_status":"closed","sticky":false,"template":"","format":"standard","meta":{"footnotes":""},"categories":[1],"tags":[],"class_list":["post-3011","post","type-post","status-publish","format-standard","hentry","category-general"],"_links":{"self":[{"href":"https:\/\/www.biblia.work\/noticias\/wp-json\/wp\/v2\/posts\/3011","targetHints":{"allow":["GET"]}}],"collection":[{"href":"https:\/\/www.biblia.work\/noticias\/wp-json\/wp\/v2\/posts"}],"about":[{"href":"https:\/\/www.biblia.work\/noticias\/wp-json\/wp\/v2\/types\/post"}],"author":[{"embeddable":true,"href":"https:\/\/www.biblia.work\/noticias\/wp-json\/wp\/v2\/users\/1"}],"replies":[{"embeddable":true,"href":"https:\/\/www.biblia.work\/noticias\/wp-json\/wp\/v2\/comments?post=3011"}],"version-history":[{"count":0,"href":"https:\/\/www.biblia.work\/noticias\/wp-json\/wp\/v2\/posts\/3011\/revisions"}],"wp:attachment":[{"href":"https:\/\/www.biblia.work\/noticias\/wp-json\/wp\/v2\/media?parent=3011"}],"wp:term":[{"taxonomy":"category","embeddable":true,"href":"https:\/\/www.biblia.work\/noticias\/wp-json\/wp\/v2\/categories?post=3011"},{"taxonomy":"post_tag","embeddable":true,"href":"https:\/\/www.biblia.work\/noticias\/wp-json\/wp\/v2\/tags?post=3011"}],"curies":[{"name":"wp","href":"https:\/\/api.w.org\/{rel}","templated":true}]}}