{"id":3013,"date":"2016-04-25T14:10:02","date_gmt":"2016-04-25T19:10:02","guid":{"rendered":"http:\/\/www.biblia.work\/noticias\/lideres-quieren-unir-la-fe-de-17-millones-de-musulmanes\/"},"modified":"2016-04-25T14:10:02","modified_gmt":"2016-04-25T19:10:02","slug":"lideres-quieren-unir-la-fe-de-17-millones-de-musulmanes","status":"publish","type":"post","link":"https:\/\/www.biblia.work\/noticias\/lideres-quieren-unir-la-fe-de-17-millones-de-musulmanes\/","title":{"rendered":"L\u00edderes quieren \u201cunir la fe\u201d de 1,7 millones de musulmanes"},"content":{"rendered":"<p style=\"text-align: justify\">TURQU\u00cdA. &#8211; Ocurri\u00f3 la semana pasada en Estambul, capital de Turqu\u00eda, la reuni\u00f3n de m\u00e1s de 30 l\u00edderes de las naciones isl\u00e1micas y representantes de otros 56 pa\u00edses. Este tipo de encuentro tiene como objetivo &#8220;cerrar la brecha&#8221; y &#8220;unir la fe&#8221; de los musulmanes.<\/p>\n<p style=\"text-align: justify\">El presidente turco, Recep Tayyip Erdogan, abri\u00f3 el encuentro de la Organizaci\u00f3n de Cooperaci\u00f3n Isl\u00e1mica (OCI), con un discurso sobre la necesidad de proximidad de los que profesan la fe en el Cor\u00e1n. Cabe destacar la presencia de rey saud\u00ed Salman bin Abdulaziz Al Saud y el presidente de Ir\u00e1n, Hassan Rouhani, que est\u00e1n en lados opuestos en las guerras de Siria y Yemen.<\/p>\n<p style=\"text-align: justify\">No es coincidencia que el evento fue en Estambul, la antigua capital del Imperio Otomano. Por m\u00e1s de 500 a\u00f1os fue all\u00ed donde los sultanes Otomanos dirigieron a los musulmanes de todo el mundo.<\/p>\n<p style=\"text-align: justify\"><a target=\"_blank\" rel=\"nofollow\" href=\"http:\/\/www.aljazeera.com\/news\/2016\/04\/islamic-world-leaders-seek-bridge-differences-160414082230514.html\">Mevlut<\/a> Cavusoglu, Ministro de Asuntos Exteriores de Turqu\u00eda, dijo que la cumbre fue organizada en un momento en que &#8220;el mundo isl\u00e1mico est\u00e1 pasando por muchas disputas internas&#8221;. Para \u00e9l, este sectarismo de sun\u00edes y chi\u00edes es &#8220;dividir la ummah&#8221;, t\u00e9rmino \u00e1rabe para la comunidad musulmana mundial. &#8220;Esperamos abrir el camino a la curaci\u00f3n de algunas heridas&#8221;, agreg\u00f3.<\/p>\n<p style=\"text-align: justify\">Una de las propuestas del primer ministro turco era que la OCI de inicio a una especie de &#8220;polic\u00eda musulmana internacional&#8221; con el fin de luchar contra la islamofobia. Para \u00e9l, esto debe ser considerado un crimen contra la humanidad.<\/p>\n<p style=\"text-align: justify\"><strong>Contra los cristianos e Israel <\/strong><\/p>\n<p style=\"text-align: justify\">Mientras Erdogan da pasos largos para que Turqu\u00eda vuelva a albergar un imperio isl\u00e1mico global, \u00e9l est\u00e1 confiscando antiguos templos cristianos para convertirlos en mezquitas. Seis iglesias (3 cat\u00f3licas, 2 ortodoxas y una evang\u00e9lica) fueron las primeras en adaptarse a la nueva legislaci\u00f3n del pa\u00eds y para luego pasar a las manos del gobierno.<\/p>\n<p style=\"text-align: justify\">La justificaci\u00f3n oficial es que los antiguos locales de culto cristiano, algunos m\u00e1s antiguos que el islam, ser\u00e1n parte de la reconstrucci\u00f3n del centro hist\u00f3rico de la ciudad m\u00e1s grande de la regi\u00f3n, Diyarbakir. La Iglesia Ortodoxa de la Virgen Mar\u00eda, por ejemplo, tiene 1.700 a\u00f1os de antig\u00fcedad.<\/p>\n<p style=\"text-align: justify\">El l\u00edder del partido MHP, Devlet Bah\u00e7eli p\u00fablicamente dijo que las iglesias deben ser demolidas, y si alguien trata de evitar, hay que matarlos. La amenaza es que los kurdos, minor\u00eda \u00e9tnica (20%) es perseguida por el gobierno turco. Oficialmente, el 99% de los turcos siguen el islam, pero entre los kurdos hay muchos cristianos.<\/p>\n<p style=\"text-align: justify\">Hace aproximadamente un a\u00f1o, el l\u00edder turco se comprometi\u00f3 a invadir Israel y retomar su capital para los musulmanes. &#8220;Jerusal\u00e9n es para los musulmanes y no para Israel&#8221;, destac\u00f3 Erdogan.<\/p>\n<p style=\"text-align: justify\">&#8220;\u00bfPor qu\u00e9 deber\u00edamos continuar siendo amigos de los que pisaron con sus botas el Monte del Templo? \u00bfEllos insisten en que seamos amigos? Yo digo, no lo seremos&#8221;, agreg\u00f3.<\/p>\n<p style=\"text-align: justify\">Los estudiantes de la profec\u00eda com\u00fanmente apuntan a Turqu\u00eda como el centro de uni\u00f3n de las naciones que se unir\u00e1n para combatir a Israel en la guerra de Gog y Magog, profetizado en el libro de Ezequiel.<\/p>\n<p style=\"text-align: justify\">La entrada <a rel=\"nofollow\" href=\"http:\/\/www.noticiacristiana.com\/iglesia\/escatologia\/2016\/04\/lideres-unir-fe-millones-musulmanes.html\">L\u00edderes quieren &#8220;unir la fe&#8221; de 1,7 millones de musulmanes<\/a> aparece primero en <a rel=\"nofollow\" href=\"http:\/\/www.noticiacristiana.com\">NoticiaCristiana.com<\/a>.<\/p>\n","protected":false},"excerpt":{"rendered":"<p>TURQU\u00cdA. &#8211; Ocurri\u00f3 la semana pasada en Estambul, capital de Turqu\u00eda, la reuni\u00f3n de m\u00e1s de 30 l\u00edderes de las naciones isl\u00e1micas y representantes de otros 56 pa\u00edses. Este tipo de encuentro tiene como objetivo &#8220;cerrar la brecha&#8221; y &#8220;unir la fe&#8221; de los musulmanes. El presidente turco, Recep Tayyip Erdogan, abri\u00f3 el encuentro de &hellip; <a href=\"https:\/\/www.biblia.work\/noticias\/lideres-quieren-unir-la-fe-de-17-millones-de-musulmanes\/\" class=\"more-link\">Continuar leyendo<span class=\"screen-reader-text\"> \u00abL\u00edderes quieren \u201cunir la fe\u201d de 1,7 millones de musulmanes\u00bb<\/span><\/a><\/p>\n","protected":false},"author":1,"featured_media":0,"comment_status":"open","ping_status":"closed","sticky":false,"template":"","format":"standard","meta":{"footnotes":""},"categories":[1],"tags":[],"class_list":["post-3013","post","type-post","status-publish","format-standard","hentry","category-general"],"_links":{"self":[{"href":"https:\/\/www.biblia.work\/noticias\/wp-json\/wp\/v2\/posts\/3013","targetHints":{"allow":["GET"]}}],"collection":[{"href":"https:\/\/www.biblia.work\/noticias\/wp-json\/wp\/v2\/posts"}],"about":[{"href":"https:\/\/www.biblia.work\/noticias\/wp-json\/wp\/v2\/types\/post"}],"author":[{"embeddable":true,"href":"https:\/\/www.biblia.work\/noticias\/wp-json\/wp\/v2\/users\/1"}],"replies":[{"embeddable":true,"href":"https:\/\/www.biblia.work\/noticias\/wp-json\/wp\/v2\/comments?post=3013"}],"version-history":[{"count":0,"href":"https:\/\/www.biblia.work\/noticias\/wp-json\/wp\/v2\/posts\/3013\/revisions"}],"wp:attachment":[{"href":"https:\/\/www.biblia.work\/noticias\/wp-json\/wp\/v2\/media?parent=3013"}],"wp:term":[{"taxonomy":"category","embeddable":true,"href":"https:\/\/www.biblia.work\/noticias\/wp-json\/wp\/v2\/categories?post=3013"},{"taxonomy":"post_tag","embeddable":true,"href":"https:\/\/www.biblia.work\/noticias\/wp-json\/wp\/v2\/tags?post=3013"}],"curies":[{"name":"wp","href":"https:\/\/api.w.org\/{rel}","templated":true}]}}