{"id":3017,"date":"2016-04-25T21:05:03","date_gmt":"2016-04-26T02:05:03","guid":{"rendered":"http:\/\/www.biblia.work\/noticias\/laudato-si-anima-los-desafios-de-caritas-chile-en-sus-60-anos\/"},"modified":"2016-04-25T21:05:03","modified_gmt":"2016-04-26T02:05:03","slug":"laudato-si-anima-los-desafios-de-caritas-chile-en-sus-60-anos","status":"publish","type":"post","link":"https:\/\/www.biblia.work\/noticias\/laudato-si-anima-los-desafios-de-caritas-chile-en-sus-60-anos\/","title":{"rendered":"Laudato Si anima los desaf\u00edos de C\u00e1ritas Chile en sus 60 a\u00f1os"},"content":{"rendered":"<p> SANTIAGO DE CHILE, 25 Abr. 16 (ACI).-<br \/>\n\tEl 23 de abril Caritas Chile cumpli&oacute; 60 a&ntilde;os, aniversario que impulsado por la reciente enc&iacute;clica Laudato Si del Papa Francisco, toma un nuevo impulso de &ldquo;servicio de la dignidad humana y comprometida con un desarrollo humano, integral, solidario y sostenible&rdquo;.<\/p>\n<p style=\"text-align: justify\">\n\tAs&iacute; lo afirm&oacute; el presidente de la instituci&oacute;n, Lorenzo Figueroa, que dijo adem&aacute;s que la enc&iacute;clica del Santo Padre &ldquo;est&aacute; ligada profundamente con el trabajo&rdquo; de C&aacute;ritas Chile ya que hace un llamado a la &ldquo;conversi&oacute;n ecol&oacute;gica&rdquo; y &ldquo;enfatiza una concepci&oacute;n nueva de nuestro habitar la Tierra, de nuestra relaci&oacute;n no s&oacute;lo con las personas contempor&aacute;neas sino tambi&eacute;n, con las que vienen&rdquo;.<\/p>\n<p style=\"text-align: justify\">\n\tFigueroa habl&oacute; de &ldquo;una vulnerabilidad socio-ambiental&rdquo; dada en un territorio cuya &ldquo;riqueza y sus privilegios se distribuyen de manera desigual&rdquo;. Lo anterior, sumado a las erupciones, terremotos e inundaciones &ldquo;afectan con m&aacute;s fuerza a los m&aacute;s pobres&rdquo;, explic&oacute; Figueroa a ACI Prensa.<\/p>\n<p style=\"text-align: justify\">\n\tFundada por el Cardenal Ra&uacute;l Silva Henr&iacute;quez, C&aacute;ritas Chile naci&oacute; en el contexto mundial de la postguerra y en una realidad de &ldquo;pobreza visible&rdquo;. Luego acompa&ntilde;&oacute; diversos procesos de las pol&iacute;ticas p&uacute;blicas del Estado enfocadas a la vivienda, educaci&oacute;n y Reforma Agraria.<\/p>\n<p style=\"text-align: justify\">\n\tHoy, con presencia en las 27 di&oacute;cesis del pa&iacute;s y con un s&oacute;lido trabajo en red con C&aacute;ritas Internacional, el objetivo del equipo chileno es &ldquo;promover el valor de la comunidad, sus recursos y potencialidades&rdquo; a trav&eacute;s de &ldquo;un modelo de trabajo profesionalizado&rdquo;.<\/p>\n<p style=\"text-align: justify\">\n\tTambi&eacute;n el intercambio de experiencias con Per&uacute; y Argentina entre otros, ha permitido &ldquo;sistematizar experiencias&rdquo; para que el &ldquo;voluntariado y la solidaridad&rdquo; respondan &ldquo;de buena manera frente a las cat&aacute;strofes&rdquo;, con est&aacute;ndares &ldquo;&eacute;ticos y de calidad guiados por protocolos de acci&oacute;n&rdquo;.<\/p>\n<p style=\"text-align: justify\">\n\tEn ese sentido, el Secretario General de C&aacute;ritas Am&eacute;rica Latina y el Caribe, P. Francisco Hern&aacute;ndez, coment&oacute; a ACI Prensa que la experiencia de C&aacute;ritas Chile ha tenido un impacto positivo en los &ldquo;espacios de discusi&oacute;n &nbsp;y reflexi&oacute;n&rdquo; con otros pa&iacute;ses, as&iacute; como en la &ldquo;gesti&oacute;n del riesgo de Medio Ambiente y Emergencia&rdquo; y tambi&eacute;n en las pasant&iacute;as con Paraguay.<\/p>\n<p style=\"text-align: justify\">\n\t&ldquo;Nosotros somos constructores de la sociedad y del Reino (&hellip;) As&iacute; como lo manifestaron en Aparecida los obispos al decir que la construcci&oacute;n de la dignidad humana es una tarea de todos y de siempre y en el que tenemos que estar comprometidos los cristianos&rdquo;.<\/p>\n<p style=\"text-align: justify\">\n\tPara conmemorar este aniversario el organismo realizar&aacute; una jornada nacional en Santiago de Chile, entre el 26 y 28 de abril que contar&aacute; con representantes de cada di&oacute;cesis as&iacute; como de C&aacute;ritas Am&eacute;rica Latina y el Caribe.<\/p>\n<p style=\"text-align: justify\">\n\tTambi&eacute;n te puede interesar:<\/p>\n<p style=\"text-align: justify\">\n\t&nbsp;<\/p>\n<p style=\"text-align: justify\">\n\t\tPapa Francisco: Sin el amor de Cristo el servicio de C&aacute;ritas se queda vac&iacute;o http:\/\/t.co\/KLMoWOAglC<\/p>\n<p>\t&mdash; ACI Prensa (@aciprensa) 12 de mayo de 2015<\/p>\n<p style=\"text-align: justify\">\n\t&nbsp;<\/p>\n","protected":false},"excerpt":{"rendered":"<p>SANTIAGO DE CHILE, 25 Abr. 16 (ACI).- El 23 de abril Caritas Chile cumpli&oacute; 60 a&ntilde;os, aniversario que impulsado por la reciente enc&iacute;clica Laudato Si del Papa Francisco, toma un nuevo impulso de &ldquo;servicio de la dignidad humana y comprometida con un desarrollo humano, integral, solidario y sostenible&rdquo;. As&iacute; lo afirm&oacute; el presidente de la &hellip; <a href=\"https:\/\/www.biblia.work\/noticias\/laudato-si-anima-los-desafios-de-caritas-chile-en-sus-60-anos\/\" class=\"more-link\">Continuar leyendo<span class=\"screen-reader-text\"> \u00abLaudato Si anima los desaf\u00edos de C\u00e1ritas Chile en sus 60 a\u00f1os\u00bb<\/span><\/a><\/p>\n","protected":false},"author":1,"featured_media":0,"comment_status":"open","ping_status":"closed","sticky":false,"template":"","format":"standard","meta":{"footnotes":""},"categories":[1],"tags":[],"class_list":["post-3017","post","type-post","status-publish","format-standard","hentry","category-general"],"_links":{"self":[{"href":"https:\/\/www.biblia.work\/noticias\/wp-json\/wp\/v2\/posts\/3017","targetHints":{"allow":["GET"]}}],"collection":[{"href":"https:\/\/www.biblia.work\/noticias\/wp-json\/wp\/v2\/posts"}],"about":[{"href":"https:\/\/www.biblia.work\/noticias\/wp-json\/wp\/v2\/types\/post"}],"author":[{"embeddable":true,"href":"https:\/\/www.biblia.work\/noticias\/wp-json\/wp\/v2\/users\/1"}],"replies":[{"embeddable":true,"href":"https:\/\/www.biblia.work\/noticias\/wp-json\/wp\/v2\/comments?post=3017"}],"version-history":[{"count":0,"href":"https:\/\/www.biblia.work\/noticias\/wp-json\/wp\/v2\/posts\/3017\/revisions"}],"wp:attachment":[{"href":"https:\/\/www.biblia.work\/noticias\/wp-json\/wp\/v2\/media?parent=3017"}],"wp:term":[{"taxonomy":"category","embeddable":true,"href":"https:\/\/www.biblia.work\/noticias\/wp-json\/wp\/v2\/categories?post=3017"},{"taxonomy":"post_tag","embeddable":true,"href":"https:\/\/www.biblia.work\/noticias\/wp-json\/wp\/v2\/tags?post=3017"}],"curies":[{"name":"wp","href":"https:\/\/api.w.org\/{rel}","templated":true}]}}