{"id":3019,"date":"2016-04-26T01:05:02","date_gmt":"2016-04-26T06:05:02","guid":{"rendered":"http:\/\/www.biblia.work\/noticias\/hoy-se-celebra-a-san-rafael-arnaiz-baron-mistico-trapense\/"},"modified":"2016-04-26T01:05:02","modified_gmt":"2016-04-26T06:05:02","slug":"hoy-se-celebra-a-san-rafael-arnaiz-baron-mistico-trapense","status":"publish","type":"post","link":"https:\/\/www.biblia.work\/noticias\/hoy-se-celebra-a-san-rafael-arnaiz-baron-mistico-trapense\/","title":{"rendered":"Hoy se celebra a San Rafael Arnaiz Bar\u00f3n, m\u00edstico trapense"},"content":{"rendered":"<p> REDACCI\u00d3N CENTRAL, 26 Abr. 16 (ACI).-<br \/>\n\tSan Rafael Arnaiz Bar&oacute;n es un religioso espa&ntilde;ol de la Orden Cisterciense de la Estricta Observancia, definido como uno de los m&aacute;s grandes m&iacute;sticos del siglo XX, y que permanece hoy en la memoria debido a sus numerosos y todav&iacute;a difundidos escritos asc&eacute;ticos y m&iacute;sticos.<\/p>\n<p style=\"text-align: justify\">\n\tNaci&oacute; en el paseo de la Isla, Burgos, el 9 de abril de 1911. A los 12 a&ntilde;os su padre dej&oacute; sus labores como ingeniero de montes y la familia se estableci&oacute; en Oviedo. En aquella ciudad estudi&oacute; en el Colegio San Ignacio, de los Jesuitas, y al terminar se matricul&oacute; en la Escuela superior de arquitectura de Madrid.<\/p>\n<p style=\"text-align: justify\">\n\tEl santo sol&iacute;a dedicar largas horas a la visita del Sant&iacute;simo Sacramento, lugar donde descubri&oacute; su vocaci&oacute;n a la vida contemplativa. Ante la revelaci&oacute;n decidi&oacute; consagrarse ingresando al monasterio trapense de Due&ntilde;as el 16 de enero de 1934.<\/p>\n<p style=\"text-align: justify\">\n\tUna virulenta diabetes y la Guerra Civil lo obligaron a abandonar en tres ocasiones el monasterio, con los subsiguientes reingresos. Falleci&oacute; el 26 de abril de 1938 a la edad de 27 en la enfermer&iacute;a del convento, tras un coma diab&eacute;tico.<\/p>\n<p style=\"text-align: justify\">\n\tEl 19 de agosto de 1989 el Papa Juan Pablo II, con ocasi&oacute;n de la Jornada mundial de la juventud en Santiago de Compostela, lo propuso como modelo para los j&oacute;venes del mundo de hoy y el 27 de septiembre de 1992 lo proclam&oacute; beato.<\/p>\n<p style=\"text-align: justify\">\n\tEn el 2008 la Congregaci&oacute;n para la Causa de los Santos aprob&oacute; el milagro de intercesi&oacute;n por el que ser&iacute;a canonizado el 11 de octubre de 2009 por el Papa Benedicto XVI.<\/p>\n<p style=\"text-align: justify\">\n\tSe trata de la curaci&oacute;n inexplicable de Bego&ntilde;a Le&oacute;n Alonso, una madrile&ntilde;a de 38 a&ntilde;os que sufri&oacute; del S&iacute;ndrome de Hellp durante su embarazo y que al momento de ser intervenida para salvar a su hijo qued&oacute; en estado de muerte cerebral.<\/p>\n<p style=\"text-align: justify\">\n\tSeg&uacute;n explic&oacute; el diario La Nueva Espa&ntilde;a, en el a&ntilde;o 2000, Bego&ntilde;a Le&oacute;n enferm&oacute; estando embarazada y se le practic&oacute; una ces&aacute;rea en el Hospital Gregorio Mara&ntilde;&oacute;n para salvar al ni&ntilde;o. El estado de la paciente empeor&oacute; y tuvo que ser operada de urgencia. La operaci&oacute;n sali&oacute; mal y la mujer entr&oacute; en estado de muerte cerebral.<\/p>\n<p style=\"text-align: justify\">\n\tUna hermana del convento cisterciense de San Bernardo de Burgos tuvo conocimiento del caso por la familia de la enferma, por lo que las religiosas del convento decidieron rezar una novena dedicada al hermano Rafael para propiciar la curaci&oacute;n de la joven. A partir de entonces Bego&ntilde;a comenz&oacute; a evolucionar hasta reponerse por completo.<\/p>\n<p style=\"text-align: justify\">\n\tTambi&eacute;n fue nombrado copatrono de la Jornada Mundial de la Juventud del 2011, con sede Madrid (Espa&ntilde;a), por el Papa Benedicto XVI.<\/p>\n<p style=\"text-align: justify\">\n\tM&aacute;s informaci&oacute;n en el siguiente enlace<\/p>\n<p style=\"text-align: justify\">\n\tTambi&eacute;n te puede interesar:<\/p>\n<p style=\"text-align: justify\">\n\t&nbsp;<\/p>\n<p style=\"text-align: justify\">\n\t\tOraci&oacute;n a San Rafael Arn&aacute;iz Bar&oacute;n #Santoral #26abril https:\/\/t.co\/ajsxq2YOsc<\/p>\n<p>\t&mdash; ACI Prensa (@aciprensa) 25 de abril de 2016<\/p>\n<p style=\"text-align: justify\">\n\t&nbsp;<\/p>\n","protected":false},"excerpt":{"rendered":"<p>REDACCI\u00d3N CENTRAL, 26 Abr. 16 (ACI).- San Rafael Arnaiz Bar&oacute;n es un religioso espa&ntilde;ol de la Orden Cisterciense de la Estricta Observancia, definido como uno de los m&aacute;s grandes m&iacute;sticos del siglo XX, y que permanece hoy en la memoria debido a sus numerosos y todav&iacute;a difundidos escritos asc&eacute;ticos y m&iacute;sticos. Naci&oacute; en el paseo &hellip; <a href=\"https:\/\/www.biblia.work\/noticias\/hoy-se-celebra-a-san-rafael-arnaiz-baron-mistico-trapense\/\" class=\"more-link\">Continuar leyendo<span class=\"screen-reader-text\"> \u00abHoy se celebra a San Rafael Arnaiz Bar\u00f3n, m\u00edstico trapense\u00bb<\/span><\/a><\/p>\n","protected":false},"author":1,"featured_media":0,"comment_status":"open","ping_status":"closed","sticky":false,"template":"","format":"standard","meta":{"footnotes":""},"categories":[1],"tags":[],"class_list":["post-3019","post","type-post","status-publish","format-standard","hentry","category-general"],"_links":{"self":[{"href":"https:\/\/www.biblia.work\/noticias\/wp-json\/wp\/v2\/posts\/3019","targetHints":{"allow":["GET"]}}],"collection":[{"href":"https:\/\/www.biblia.work\/noticias\/wp-json\/wp\/v2\/posts"}],"about":[{"href":"https:\/\/www.biblia.work\/noticias\/wp-json\/wp\/v2\/types\/post"}],"author":[{"embeddable":true,"href":"https:\/\/www.biblia.work\/noticias\/wp-json\/wp\/v2\/users\/1"}],"replies":[{"embeddable":true,"href":"https:\/\/www.biblia.work\/noticias\/wp-json\/wp\/v2\/comments?post=3019"}],"version-history":[{"count":0,"href":"https:\/\/www.biblia.work\/noticias\/wp-json\/wp\/v2\/posts\/3019\/revisions"}],"wp:attachment":[{"href":"https:\/\/www.biblia.work\/noticias\/wp-json\/wp\/v2\/media?parent=3019"}],"wp:term":[{"taxonomy":"category","embeddable":true,"href":"https:\/\/www.biblia.work\/noticias\/wp-json\/wp\/v2\/categories?post=3019"},{"taxonomy":"post_tag","embeddable":true,"href":"https:\/\/www.biblia.work\/noticias\/wp-json\/wp\/v2\/tags?post=3019"}],"curies":[{"name":"wp","href":"https:\/\/api.w.org\/{rel}","templated":true}]}}