{"id":3023,"date":"2016-04-26T05:15:01","date_gmt":"2016-04-26T10:15:01","guid":{"rendered":"http:\/\/www.biblia.work\/noticias\/el-papa-a-los-presos-a-dios-no-le-importan-vuestros-errores\/"},"modified":"2016-04-26T05:15:01","modified_gmt":"2016-04-26T10:15:01","slug":"el-papa-a-los-presos-a-dios-no-le-importan-vuestros-errores","status":"publish","type":"post","link":"https:\/\/www.biblia.work\/noticias\/el-papa-a-los-presos-a-dios-no-le-importan-vuestros-errores\/","title":{"rendered":"El Papa a los presos: \u2018A Dios no le importan vuestros errores\u2019"},"content":{"rendered":"<p style=\"text-align: justify\">(ZENIT &#8211; Ciudad del Vaticano).- \u201cDios os ama siempre, no tienen importancia los errores que hab\u00e9is cometido\u201d. As\u00ed lo indica el papa Francisco a los detenidos de la c\u00e1rcel de Velletri, al sur de Roma. El pasado 5 de marzo, el obispo de Albano, monse\u00f1or Marcello Semeraro, visiti\u00f3 la c\u00e1rcel de Velletri y en esa ocasi\u00f3n los detenidos le entregaron una carta para el Papa, que ahora ha respondido.<\/p>\n<p style=\"text-align: justify\"><span style=\"font-weight: 400\">Tal y como indica Radio Vaticano, el Santo Padre les pide que no se encierren en el pasado a la vez que asegura que \u201cla verdadera medida del tiempo no es la del orgullo\u201d sino que \u201cse llama esperanza\u201d. <\/span><\/p>\n<p style=\"text-align: justify\"><span style=\"font-weight: 400\">El Pont\u00edfice, les da las gracias en la misiva por haber pensando en \u00e9l en medio de las dificultades de sus situaciones de vida actual. Asimismo, recuerda que \u00e9l piensa muchas veces en las personas que viven en la c\u00e1rcel. <\/span><\/p>\n<p style=\"text-align: justify\"><span style=\"font-weight: 400\">Por este motivo &#8211;explica Francisco&#8211; en mis visitas pastorales pido siempre, cuando es posible, visitar a quien vive una libertad limitada, para llevarles el afecto y la cercan\u00eda. Y tambi\u00e9n por esto, ha querido que durante el A\u00f1o Santo de la Misericordia, haya un jubileo de los presos. <\/span><\/p>\n<p style=\"text-align: justify\"><span style=\"font-weight: 400\">Por otro lado, el Santo Padre les recuerda que viven \u201cuna experiencia en la que el tiempo parece que est\u00e9 parado, parece que no termine nunca. Pero la verdadera medida del tiempo no es la del reloj\u201d. La verdadera medida del tiempo &#8211;subraya&#8211; se llama esperanza. En esta l\u00ednea, el Papa desea que \u201ccada uno de vosotros tenga siempre bien encendida la luz de la esperanza, de la fe, para iluminar vuestra vida\u201d. Y as\u00ed, invita a los presos a rezar al Se\u00f1or para que llene el tiempo de verdadera esperanza. <\/span><\/p>\n<p style=\"text-align: justify\"><span style=\"font-weight: 400\">A continuaci\u00f3n, el Papa les pide en su carta que est\u00e9n \u201csiempre seguros de que Dios os ama personalmente, para \u00c9l no tiene importancia vuestra edad o vuestra cultura, no tiene importancia tampoco qu\u00e9 hab\u00e9is sido, qu\u00e9 hab\u00e9is hecho, los objetivos que hab\u00e9is conseguido, los errores que hab\u00e9is cometido, las personas que hab\u00e9is herido\u201d. Por eso, el Pont\u00edfice les pide que no se encierren en el pasado, es m\u00e1s, les pide que lo transformen en camino de crecimiento, de fe y de caridad. \u201cDad a Dios la posibilidad de haceros brillar a trav\u00e9s de esta experiencia\u201d, exclama el Papa. <\/span><\/p>\n<p style=\"text-align: justify\"><span style=\"font-weight: 400\">Para concluir la misiva, el Santo Padre asegura que en la historia de la Iglesia \u201cmuchos santos han llegado a la santidad a trav\u00e9s de experiencias duras y dif\u00edciles\u201d. Por tanto les pide que abran \u201cla puerta de vuestro coraz\u00f3n a Cristo, y ser\u00e1 Cristo quien cambie vuestra situaci\u00f3n. Con Cristo todo es posible\u201d. <\/span><\/p>\n<p style=\"text-align: justify\">&nbsp;<\/p>\n<p><span class=\"et_bloom_bottom_trigger\"><\/span><\/p>\n<p><a href=\"https:\/\/es.zenit.org\/\" target=\"_blank\" rel=\"nofollow\">Fuente: es.zenit.org<\/a><\/p>\n","protected":false},"excerpt":{"rendered":"<p>(ZENIT &#8211; Ciudad del Vaticano).- \u201cDios os ama siempre, no tienen importancia los errores que hab\u00e9is cometido\u201d. As\u00ed lo indica el papa Francisco a los detenidos de la c\u00e1rcel de Velletri, al sur de Roma. El pasado 5 de marzo, el obispo de Albano, monse\u00f1or Marcello Semeraro, visiti\u00f3 la c\u00e1rcel de Velletri y en esa &hellip; <a href=\"https:\/\/www.biblia.work\/noticias\/el-papa-a-los-presos-a-dios-no-le-importan-vuestros-errores\/\" class=\"more-link\">Continuar leyendo<span class=\"screen-reader-text\"> \u00abEl Papa a los presos: \u2018A Dios no le importan vuestros errores\u2019\u00bb<\/span><\/a><\/p>\n","protected":false},"author":1,"featured_media":0,"comment_status":"open","ping_status":"closed","sticky":false,"template":"","format":"standard","meta":{"footnotes":""},"categories":[1],"tags":[],"class_list":["post-3023","post","type-post","status-publish","format-standard","hentry","category-general"],"_links":{"self":[{"href":"https:\/\/www.biblia.work\/noticias\/wp-json\/wp\/v2\/posts\/3023","targetHints":{"allow":["GET"]}}],"collection":[{"href":"https:\/\/www.biblia.work\/noticias\/wp-json\/wp\/v2\/posts"}],"about":[{"href":"https:\/\/www.biblia.work\/noticias\/wp-json\/wp\/v2\/types\/post"}],"author":[{"embeddable":true,"href":"https:\/\/www.biblia.work\/noticias\/wp-json\/wp\/v2\/users\/1"}],"replies":[{"embeddable":true,"href":"https:\/\/www.biblia.work\/noticias\/wp-json\/wp\/v2\/comments?post=3023"}],"version-history":[{"count":0,"href":"https:\/\/www.biblia.work\/noticias\/wp-json\/wp\/v2\/posts\/3023\/revisions"}],"wp:attachment":[{"href":"https:\/\/www.biblia.work\/noticias\/wp-json\/wp\/v2\/media?parent=3023"}],"wp:term":[{"taxonomy":"category","embeddable":true,"href":"https:\/\/www.biblia.work\/noticias\/wp-json\/wp\/v2\/categories?post=3023"},{"taxonomy":"post_tag","embeddable":true,"href":"https:\/\/www.biblia.work\/noticias\/wp-json\/wp\/v2\/tags?post=3023"}],"curies":[{"name":"wp","href":"https:\/\/api.w.org\/{rel}","templated":true}]}}