{"id":3039,"date":"2016-04-26T12:05:02","date_gmt":"2016-04-26T17:05:02","guid":{"rendered":"http:\/\/www.biblia.work\/noticias\/reconocida-mexicana-relata-como-sobrevivio-a-la-trata-de-personas\/"},"modified":"2016-04-26T12:05:02","modified_gmt":"2016-04-26T17:05:02","slug":"reconocida-mexicana-relata-como-sobrevivio-a-la-trata-de-personas","status":"publish","type":"post","link":"https:\/\/www.biblia.work\/noticias\/reconocida-mexicana-relata-como-sobrevivio-a-la-trata-de-personas\/","title":{"rendered":"Reconocida mexicana relata c\u00f3mo sobrevivi\u00f3 a la trata de personas"},"content":{"rendered":"<p style=\"text-align: justify\">La trata de personas contin\u00faa siendo una de las peores problem\u00e1ticas a nivel mundial. Un sinn\u00famero de personas lo sufren a diario y su \u00fanica defensa es el silencio. Pero una reconocida conductora de televisi\u00f3n mexicana ha decidido luchar contra este mal al crear su propia fundaci\u00f3n. <\/p>\n<p style=\"text-align: justify\">Karla La Cuesta es una reconocida conductora de televisi\u00f3n mexicana y sobreviviente de trata de personas, quien fue v\u00edctima durante 6 a\u00f1os. <\/p>\n<p style=\"text-align: justify\">La trata de personas es el segundo negocio il\u00edcito mejor remunerado en el mundo despu\u00e9s de las drogas. Karla siendo una superviviente, luchadora incansable, mam\u00e1 y esposa, preocupada por difundir la prevenci\u00f3n de este delito, crea la Fundaci\u00f3n Karla de La Cuesta A.C. <\/p>\n<p style=\"text-align: justify\"> \u201cLa Fundaci\u00f3n Karla de La Cuesta nace porque tengo varios a\u00f1os trabajando en el tema de trata de personas, gracias a que conoc\u00ed a Rosi Orozco, lo que me ayud\u00f3 a darme cuenta que lo que yo sufr\u00ed por tantos a\u00f1os se llamaba \u2018trata de personas\u2019, cuando yo lo pas\u00e9 no exist\u00eda ese t\u00e9rmino. Estoy en un camino muy positivo que me permite tambi\u00e9n sentirme con muchas ganas y con mucha ilusi\u00f3n de ayudar a m\u00e1s gente\u201d, dice La Cuesta. <\/p>\n<p style=\"text-align: justify\">De la mano con esta fundaci\u00f3n se forma \u201cAlas Abiertas\u201d, una conferencia testimonial con escenificaciones teatrales de prevenci\u00f3n contra la trata de personas y riesgos en redes sociales impartida por la misma presentadora. Adem\u00e1s de proporcionar toda la informaci\u00f3n sobre este delito \u201cAlas Abiertas\u201d presenta los testimoniales de j\u00f3venes v\u00edctimas. <\/p>\n<p style=\"text-align: justify\"> \u201cJustamente a trav\u00e9s de la Fundaci\u00f3n Karla de la Cuesta tenemos \u2018Alas Abiertas\u2019, la conferencia testimonial y tenemos el otro proyecto de fundaci\u00f3n que es Coalici\u00f3n de V\u00edctimas Supervivientes, para que las v\u00edctimas dejemos de sobrevivir y empecemos a supervivir\u201d, comenta. <\/p>\n<p style=\"text-align: justify\"> \u201cFui v\u00edctima de trata laboral durante 5 a\u00f1os y medio. En el poco tiempo que llevo de conocerla me he dado cuenta que tiene una gran personalidad y un buen coraz\u00f3n para poder ayudarnos a nosotras como v\u00edctimas, que recordemos que ella tambi\u00e9n sufri\u00f3 algo parecido y se dedica a ayudar a personas en m\u00ed misma situaci\u00f3n\u201d, relata Zundury, superviviente de trata de personas. <\/p>\n<p style=\"text-align: justify\">En la b\u00fasqueda de difundir la prevenci\u00f3n de este terrible delito, la presidenta en contra de la trata personas y activista mexicana Rosi Orozco, nos habla del apoyo a dicha fundaci\u00f3n y las acciones que se han tomado al respecto. <\/p>\n<p style=\"text-align: justify\"> \u201cEn el caso de Karla de la Cuesta, que adem\u00e1s fue m\u00e1s doloroso porque en la \u00e9poca en la que se destapa todo el clan de Sergio Andrade, pues desgraciadamente no se conoc\u00eda el tema de trata de personas. No se comprend\u00eda el tema. Por lo tanto, Karla de La Cuesta, adem\u00e1s de todo lo que vivi\u00f3, despu\u00e9s qued\u00f3 en silencio. Tal como dice la Biblia, \u2018sus huesos comenzaron a envejecer\u2019, por dentro empez\u00f3 a tener esa amargura y ese dolor que tienes cuando callas. Queremos que todas las v\u00edctimas logren tener total control de su vida, que sean mujeres admiradas por los dem\u00e1s, que sean supervivientes. Tambi\u00e9n en Estados Unidos podemos denunciar y en la p\u00e1gina <a href=\"http:\/\/www.unidoshacemosladiferencia.com\">www.unidoshacemosladiferencia.com<\/a>\u201d, concluye Orozco. <\/p>\n<p style=\"text-align: justify\"><em>Fuente: <strong>www.MundoCristiano.tv <\/strong><\/em><\/p>\n","protected":false},"excerpt":{"rendered":"<p>La trata de personas contin\u00faa siendo una de las peores problem\u00e1ticas a nivel mundial. Un sinn\u00famero de personas lo sufren a diario y su \u00fanica defensa es el silencio. Pero una reconocida conductora de televisi\u00f3n mexicana ha decidido luchar contra este mal al crear su propia fundaci\u00f3n. Karla La Cuesta es una reconocida conductora de &hellip; <a href=\"https:\/\/www.biblia.work\/noticias\/reconocida-mexicana-relata-como-sobrevivio-a-la-trata-de-personas\/\" class=\"more-link\">Continuar leyendo<span class=\"screen-reader-text\"> \u00abReconocida mexicana relata c\u00f3mo sobrevivi\u00f3 a la trata de personas\u00bb<\/span><\/a><\/p>\n","protected":false},"author":1,"featured_media":0,"comment_status":"open","ping_status":"closed","sticky":false,"template":"","format":"standard","meta":{"footnotes":""},"categories":[1],"tags":[],"class_list":["post-3039","post","type-post","status-publish","format-standard","hentry","category-general"],"_links":{"self":[{"href":"https:\/\/www.biblia.work\/noticias\/wp-json\/wp\/v2\/posts\/3039","targetHints":{"allow":["GET"]}}],"collection":[{"href":"https:\/\/www.biblia.work\/noticias\/wp-json\/wp\/v2\/posts"}],"about":[{"href":"https:\/\/www.biblia.work\/noticias\/wp-json\/wp\/v2\/types\/post"}],"author":[{"embeddable":true,"href":"https:\/\/www.biblia.work\/noticias\/wp-json\/wp\/v2\/users\/1"}],"replies":[{"embeddable":true,"href":"https:\/\/www.biblia.work\/noticias\/wp-json\/wp\/v2\/comments?post=3039"}],"version-history":[{"count":0,"href":"https:\/\/www.biblia.work\/noticias\/wp-json\/wp\/v2\/posts\/3039\/revisions"}],"wp:attachment":[{"href":"https:\/\/www.biblia.work\/noticias\/wp-json\/wp\/v2\/media?parent=3039"}],"wp:term":[{"taxonomy":"category","embeddable":true,"href":"https:\/\/www.biblia.work\/noticias\/wp-json\/wp\/v2\/categories?post=3039"},{"taxonomy":"post_tag","embeddable":true,"href":"https:\/\/www.biblia.work\/noticias\/wp-json\/wp\/v2\/tags?post=3039"}],"curies":[{"name":"wp","href":"https:\/\/api.w.org\/{rel}","templated":true}]}}