{"id":794,"date":"2015-12-25T14:22:02","date_gmt":"2015-12-25T19:22:02","guid":{"rendered":"http:\/\/www.biblia.work\/noticias\/fallece-el-exembajador-espanolen-irak-ignacio-ruperez\/"},"modified":"2015-12-25T14:22:02","modified_gmt":"2015-12-25T19:22:02","slug":"fallece-el-exembajador-espanolen-irak-ignacio-ruperez","status":"publish","type":"post","link":"https:\/\/www.biblia.work\/noticias\/fallece-el-exembajador-espanolen-irak-ignacio-ruperez\/","title":{"rendered":"Fallece el exembajador espa\u00f1ol\nen Irak Ignacio Rup\u00e9rez"},"content":{"rendered":"<p style=\"text-align: justify\">El exvicepresidente del Comit\u00e9 Hispano-Americano y exembajador de Espa\u00f1a en Irak Ignacio Rup\u00e9rez ha fallecido a los 72 a\u00f1os en Madrid tras una \u00ablarga enfermedad\u00bb, seg\u00fan informaron hoy fuentes familiares. R\u00faperez, diplom\u00e1tico y embajador espa\u00f1ol en Irak (2005-2008), muri\u00f3 el jueves pasado por la noche en un hospital de Madrid a consecuencia de una enfermedad que le aquejaba desde hace tiempo, indicaron las mismas fuentes.<\/p>\n<p style=\"text-align: justify\">En 2003 fue nombrado vicepresidente del Comit\u00e9 Hispano-Americano, cargo que ocupaba cuando el 3 de junio de 2005 fue designado embajador en Irak, el primero en el pa\u00eds en 14 a\u00f1os, aunque no pudo incorporarse a su destino hasta diciembre de ese a\u00f1o.<\/p>\n<p style=\"text-align: justify\">Se encarg\u00f3 de la reapertura de la Embajada espa\u00f1ola, cerrada desde 1991 cuando se produjo la primera guerra del Golfo, y de restablecer las relaciones diplom\u00e1ticas entre ambos pa\u00edses. Rup\u00e9rez fue licenciado en Derecho y Periodismo, ingres\u00f3 en 1980 en la carrera diplom\u00e1tica y realiz\u00f3 el curso en el Centro Superior de Estudios de la Defensa Nacional.<\/p>\n<p style=\"text-align: justify\">En su \u00faltima entrevista en EL PA\u00cdS, publicada en 2008, Rup\u00e9rez afirm\u00f3 que el conflicto de Irak era m\u00e1s complicado que el de Vietnam. \u00abDesgraciadamente Irak es m\u00e1s complicado que Vietnam. En Vietnam hab\u00eda dos actores: el Norte y el Sur. En Irak hay muchas m\u00e1s piezas. El conflicto se ha comparado tambi\u00e9n con la guerra civil y la descolonizaci\u00f3n de Argelia, e incluso con la guerra civil de L\u00edbano y la crispaci\u00f3n entre sus comunidades, pero pienso que el problema iraqu\u00ed les supera en dificultades y enredos\u00bb, opinaba.<\/p>\n<p style=\"text-align: justify\">Con respecto a la soluci\u00f3n para ese pa\u00eds, consideraba que ser\u00eda \u00abmuy lenta, a muy largo plazo\u00bb. \u00abIrak es hoy un pa\u00eds desajustado, que ha estallado en pedazos, en donde el problema \u00e9tnico, el social, el religioso y el de una criminalidad pura y dura se superponen y desarticulan. Recomponerlo es casi imposible. Irak es un drama humano y un problema internacional que rebasa ampliamente los l\u00edmites del pa\u00eds\u00bb.<\/p>\n<p style=\"text-align: justify\"><em>Fuente: <strong>www.elpais.com<\/strong><\/em><\/p>\n","protected":false},"excerpt":{"rendered":"<p>El exvicepresidente del Comit\u00e9 Hispano-Americano y exembajador de Espa\u00f1a en Irak Ignacio Rup\u00e9rez ha fallecido a los 72 a\u00f1os en Madrid tras una \u00ablarga enfermedad\u00bb, seg\u00fan informaron hoy fuentes familiares. R\u00faperez, diplom\u00e1tico y embajador espa\u00f1ol en Irak (2005-2008), muri\u00f3 el jueves pasado por la noche en un hospital de Madrid a consecuencia de una enfermedad &hellip; <a href=\"https:\/\/www.biblia.work\/noticias\/fallece-el-exembajador-espanolen-irak-ignacio-ruperez\/\" class=\"more-link\">Continuar leyendo<span class=\"screen-reader-text\"> \u00abFallece el exembajador espa\u00f1ol<br \/>\nen Irak Ignacio Rup\u00e9rez\u00bb<\/span><\/a><\/p>\n","protected":false},"author":1,"featured_media":0,"comment_status":"open","ping_status":"open","sticky":false,"template":"","format":"standard","meta":{"footnotes":""},"categories":[1],"tags":[],"class_list":["post-794","post","type-post","status-publish","format-standard","hentry","category-general"],"_links":{"self":[{"href":"https:\/\/www.biblia.work\/noticias\/wp-json\/wp\/v2\/posts\/794","targetHints":{"allow":["GET"]}}],"collection":[{"href":"https:\/\/www.biblia.work\/noticias\/wp-json\/wp\/v2\/posts"}],"about":[{"href":"https:\/\/www.biblia.work\/noticias\/wp-json\/wp\/v2\/types\/post"}],"author":[{"embeddable":true,"href":"https:\/\/www.biblia.work\/noticias\/wp-json\/wp\/v2\/users\/1"}],"replies":[{"embeddable":true,"href":"https:\/\/www.biblia.work\/noticias\/wp-json\/wp\/v2\/comments?post=794"}],"version-history":[{"count":0,"href":"https:\/\/www.biblia.work\/noticias\/wp-json\/wp\/v2\/posts\/794\/revisions"}],"wp:attachment":[{"href":"https:\/\/www.biblia.work\/noticias\/wp-json\/wp\/v2\/media?parent=794"}],"wp:term":[{"taxonomy":"category","embeddable":true,"href":"https:\/\/www.biblia.work\/noticias\/wp-json\/wp\/v2\/categories?post=794"},{"taxonomy":"post_tag","embeddable":true,"href":"https:\/\/www.biblia.work\/noticias\/wp-json\/wp\/v2\/tags?post=794"}],"curies":[{"name":"wp","href":"https:\/\/api.w.org\/{rel}","templated":true}]}}