{"id":795,"date":"2015-12-26T10:22:03","date_gmt":"2015-12-26T15:22:03","guid":{"rendered":"http:\/\/www.biblia.work\/noticias\/el-colegio-de-un-suicida-de-paris-habia-advertido-de-su-radicalizacion\/"},"modified":"2015-12-26T10:22:03","modified_gmt":"2015-12-26T15:22:03","slug":"el-colegio-de-un-suicida-de-paris-habia-advertido-de-su-radicalizacion","status":"publish","type":"post","link":"https:\/\/www.biblia.work\/noticias\/el-colegio-de-un-suicida-de-paris-habia-advertido-de-su-radicalizacion\/","title":{"rendered":"El colegio de un suicida de Par\u00eds hab\u00eda advertido de su radicalizaci\u00f3n"},"content":{"rendered":"<p style=\"text-align: justify\">Se abre un cap\u00edtulo m\u00e1s en las investigaciones que rodean a los atentados terroristas yihadistas del 13 de noviembre en Par\u00eds (Francia). El colegio de Bruselas donde estudiaba Bilal Hadfi, uno de los suicidas que perpetraron la matanza, alert\u00f3 en abril pasado a las autoridades educativas de su radicalizaci\u00f3n islamista, seg\u00fan la prensa local belga. La informaci\u00f3n no se traslad\u00f3 a las autoridades judiciales del pa\u00eds y ahora el denominado Comit\u00e9 P \u2014un \u00f3rgano independiente que vigila la actividad policial \u00abpor el inter\u00e9s de los ciudadanos\u00bb, seg\u00fan su p\u00e1gina web\u2014 investiga qu\u00e9 pas\u00f3 y por qu\u00e9 esta informaci\u00f3n nunca trascendi\u00f3.<\/p>\n<div id=\"sumario_1|apoyos\" class=\"derecha\">\n<div class=\"ademas\">\n<h4><span class=\"sin_enlace\">m&aacute;s informaci&oacute;n<\/span><\/h4>\n<ul>\n<li>Francia investiga los fallos de seguridad en la matanza de Par\u00eds<\/li>\n<li>Siria, Francia y B\u00e9lgica: as\u00ed funcionaba la c\u00e9lula terrorista que atent\u00f3 en Par\u00eds<\/li>\n<li>La polic\u00eda belga detiene a un noveno sospechoso por los atentados de Par\u00eds<\/li>\n<\/ul>\n<\/div>\n<\/div>\n<p style=\"text-align: justify\">\u00ab[Bilal Hadfi] expresaba regularmente opiniones radicales en clase y hab\u00eda sido invitado varias veces a hablar con el director\u00bb, revela una informaci\u00f3n de los diarios flamencos <em>De Morgen<\/em> y <em>Het Laatste Nieuws<\/em> basada en documentos internos del centro educativo. La madre de este joven de 20 a\u00f1os y nacionalidad francesa ya hab\u00eda comentado en una entrevista diez d\u00edas antes de la masacre en Par\u00eds que su hijo era una \u00abolla a presi\u00f3n\u00bb y tem\u00eda que fuera a \u00abhacerse estallar de un d\u00eda para otro\u00bb, informa Efe.<\/p>\n<p style=\"text-align: justify\">\u00abLos docentes del colegio Anneessens-Funck, al que acud\u00eda Bilal Hadfi justo antes de haber marchado a Siria [en febrero], est\u00e1n siendo interrogados por las autoridades\u00bb, explica <em>De Morgen<\/em>. Los trabajadores del centro, que se encuentra en pleno n\u00facleo de la capital belga, a tan solo 350 metros del emblem\u00e1tico Manneken Pis, hab\u00edan informado a las autoridades educativas en abril (siete meses antes de la masacre de Par\u00eds) sobre la radicalizaci\u00f3n de Hadfi porque tras los atentados contra el semanario franc\u00e9s <em>Charlie Hebdo<\/em>, el pasado 7 de enero, su actitud les \u00abhab\u00eda llamado la atenci\u00f3n\u00bb.&nbsp;<\/p>\n<p style=\"text-align: justify\">Hadfi fue uno de los suicidas de las inmediaciones del estadio de Saint Denis, a las afueras de Par\u00eds. Previamente (en febrero) hab\u00eda viajado a Siria para combatir en las filas del autoproclamado Estado Isl\u00e1mico (ISIS, por sus siglas en ingl\u00e9s). Aunque las autoridades europeas est\u00e1n especialmente preocupadas por los combatientes retornados a la Uni\u00f3n Europea (UE) \u2014tan solo en B\u00e9lgica hay unos 400, seg\u00fan las \u00faltimas estimaciones\u2014, la advertencia de su colegio no trascendi\u00f3.<\/p>\n<p style=\"text-align: justify\">Adem\u00e1s, este s\u00e1bado se ha conocido que el joven Hadfi estaba fichado en las bases del \u00d3rgano de Coordinaci\u00f3n para el An\u00e1lisis de las Amenazas (OCAM, por sus siglas en franc\u00e9s) de B\u00e9lgica.<\/p>\n<h3>Cr\u00edticas a B\u00e9lgica<\/h3>\n<p style=\"text-align: justify\">Este <em>episodio<\/em> se suma a una lista de cr\u00edticas a la gesti\u00f3n antiterrorista de B\u00e9lgica en torno a los atentados de Par\u00eds el pasado 13 de noviembre. Uno de los terroristas m\u00e1s buscados y en paradero desconocido desde entonces, el belga Salah Abdeslam, super\u00f3 hasta tres controles policiales en su huida de Par\u00eds a Bruselas la noche de la matanza. No se le detuvo porque a\u00fan no se hab\u00eda incluido su identidad en el SIS II (el Sistema de Informaci\u00f3n de Schengen), fichero en el que se inserta la informaci\u00f3n de los sospechosos de terrorismo y otros cr\u00edmenes dentro de los 26 pa\u00edses que conforman el \u00e1rea de libre circulaci\u00f3n de personas en la UE.<\/p>\n<p style=\"text-align: justify\">Adem\u00e1s, el ministro de justicia belga, Koen Geens, dio a entender en una entrevista a un medio local que las autoridades lo ten\u00edan localizado en el barrio de Molenbeek tras la masacre, en la noche del 15 al 16 de noviembre, pero que no pod\u00edan detenerlo porque la ley no permit\u00eda hacer redadas en plena noche.<\/p>\n<p style=\"text-align: justify\">La burgomaestre de Molenbeek \u2014barrio bruselense con el que ten\u00edan v\u00ednculos no solo los terroristas no solo de Par\u00eds sino de <em>Charlie Hebdo<\/em>, el tren Thalys y el Museo Jud\u00edo de Bruselas\u2014 admiti\u00f3 en una entrevista con EL PA\u00cdS que los hermanos Brahim y Salah Abdeslam (el primer muerto en Par\u00eds y el otro, pr\u00f3fugo) estaban fichados por la polic\u00eda local, pero que al no tener competencias de detenci\u00f3n \u2014facultad que solo tiene la polic\u00eda federal\u2014 no se les pudo apresar.<\/p>\n<p style=\"text-align: justify\">Tras los ataques y al conocerse que la mayor\u00eda de los terroristas estaban vinculados con Molenbeek, en Bruselas, las autoridades francesas criticaron duramente la gesti\u00f3n del pa\u00eds vecino, que respondi\u00f3 elevando la m\u00e1xima alerta por atentado terrorista \u00abinminente\u00bb y paralizando toda la capital cerrando colegios y universidades y sugiriendo a los adultos trabajar desde casa durante dos d\u00edas.<\/p>\n<p style=\"text-align: justify\"><em>Fuente: <strong>www.elpais.com<\/strong><\/em><\/p>\n","protected":false},"excerpt":{"rendered":"<p>Se abre un cap\u00edtulo m\u00e1s en las investigaciones que rodean a los atentados terroristas yihadistas del 13 de noviembre en Par\u00eds (Francia). El colegio de Bruselas donde estudiaba Bilal Hadfi, uno de los suicidas que perpetraron la matanza, alert\u00f3 en abril pasado a las autoridades educativas de su radicalizaci\u00f3n islamista, seg\u00fan la prensa local belga. &hellip; <a href=\"https:\/\/www.biblia.work\/noticias\/el-colegio-de-un-suicida-de-paris-habia-advertido-de-su-radicalizacion\/\" class=\"more-link\">Continuar leyendo<span class=\"screen-reader-text\"> \u00abEl colegio de un suicida de Par\u00eds hab\u00eda advertido de su radicalizaci\u00f3n\u00bb<\/span><\/a><\/p>\n","protected":false},"author":1,"featured_media":0,"comment_status":"open","ping_status":"open","sticky":false,"template":"","format":"standard","meta":{"footnotes":""},"categories":[1],"tags":[],"class_list":["post-795","post","type-post","status-publish","format-standard","hentry","category-general"],"_links":{"self":[{"href":"https:\/\/www.biblia.work\/noticias\/wp-json\/wp\/v2\/posts\/795","targetHints":{"allow":["GET"]}}],"collection":[{"href":"https:\/\/www.biblia.work\/noticias\/wp-json\/wp\/v2\/posts"}],"about":[{"href":"https:\/\/www.biblia.work\/noticias\/wp-json\/wp\/v2\/types\/post"}],"author":[{"embeddable":true,"href":"https:\/\/www.biblia.work\/noticias\/wp-json\/wp\/v2\/users\/1"}],"replies":[{"embeddable":true,"href":"https:\/\/www.biblia.work\/noticias\/wp-json\/wp\/v2\/comments?post=795"}],"version-history":[{"count":0,"href":"https:\/\/www.biblia.work\/noticias\/wp-json\/wp\/v2\/posts\/795\/revisions"}],"wp:attachment":[{"href":"https:\/\/www.biblia.work\/noticias\/wp-json\/wp\/v2\/media?parent=795"}],"wp:term":[{"taxonomy":"category","embeddable":true,"href":"https:\/\/www.biblia.work\/noticias\/wp-json\/wp\/v2\/categories?post=795"},{"taxonomy":"post_tag","embeddable":true,"href":"https:\/\/www.biblia.work\/noticias\/wp-json\/wp\/v2\/tags?post=795"}],"curies":[{"name":"wp","href":"https:\/\/api.w.org\/{rel}","templated":true}]}}