{"id":807,"date":"2015-12-27T16:22:04","date_gmt":"2015-12-27T21:22:04","guid":{"rendered":"http:\/\/www.biblia.work\/noticias\/el-papa-pide-una-solucion-al-drama-humanitario-de-migrantes-cubanos\/"},"modified":"2015-12-27T16:22:04","modified_gmt":"2015-12-27T21:22:04","slug":"el-papa-pide-una-solucion-al-drama-humanitario-de-migrantes-cubanos","status":"publish","type":"post","link":"https:\/\/www.biblia.work\/noticias\/el-papa-pide-una-solucion-al-drama-humanitario-de-migrantes-cubanos\/","title":{"rendered":"El Papa pide una soluci\u00f3n al drama humanitario de migrantes cubanos"},"content":{"rendered":"<p style=\"text-align: justify\">El Vaticano ha celebrado este domingo el Jubileo de la Familia, una misa dedicada a las familias cristianas. Adem\u00e1s de tratar temas como el perd\u00f3n, el amor en las familias o la educaci\u00f3n de los hijos, Jorge Bergoglio se ha referido al conflicto que sufren los miles de migrantes cubanos varados en distintos pa\u00edses de Centroam\u00e9rica, sobre todo en Costa Rica. Todos ellos quieren llegar a Estados Unidos antes de que se terminen las ventajas migratorias que disfrutan ahora y que, temen, podr\u00edan terminar pronto a medida que avanza el deshielo de relaciones diplom\u00e1ticas entre Estados Unidos y Cuba.<\/p>\n<p style=\"text-align: justify\">Despu\u00e9s de que Nicaragua cerrara su frontera e impidiera a los migrantes continuar su camino al norte, y Guatemala y Belice se opusieran a acogerlos, miles de migrantes cubanos viven en albergues atendidos por instituciones p\u00fablicas y privadas en Costa Rica, con la \u00fanica intenci\u00f3n de llegar a suelo estadounidense.<\/p>\n<p style=\"text-align: justify\">El primer Papa latinoamericano de la historia ha pedido que los pa\u00edses involucrados en el problema se esfuercen por dar fin a lo que ha denominado como un drama humanitario. \u00abInvito a los pa\u00edses de la regi\u00f3n a renovar, con generosidad, todos los esfuerzos necesarios para encontrar una oportuna soluci\u00f3n a este drama humanitario\u00bb, ha dicho durante la misa del domingo en la Plaza de San Pedro.<\/p>\n<p style=\"text-align: justify\">Un drama humanitario en el que, ha destacado, \u00abmuchos de ellos son v\u00edctimas del tr\u00e1fico de seres humanos\u00bb. Por eso, el Papa tuvo unas palabras hacia \u00ablos numerosos migrantes cubanos que se encuentran en dificultad en Centroam\u00e9rica\u00bb.<\/p>\n<p style=\"text-align: justify\">El Papa ha sido uno de los principales agentes para lograr un acercamiento entre Washington y La Habana. Seg\u00fan han reconocido tanto el presidente de Estados Unidos, Barack Obama, como el cubano, Ra\u00fal Castro, el Papa ha sido clave para el acercamiento entre ambos pa\u00edses. Puso la diplomacia vaticana al servicio de Estados Unidos y Cuba para conseguir algo que parec\u00eda imposible. Bergoglio trabaja para que la cultura del encuentro defina su pontificado.<\/p>\n<p style=\"text-align: justify\"><em>Fuente: <strong>www.elpais.com<\/strong><\/em><\/p>\n","protected":false},"excerpt":{"rendered":"<p>El Vaticano ha celebrado este domingo el Jubileo de la Familia, una misa dedicada a las familias cristianas. Adem\u00e1s de tratar temas como el perd\u00f3n, el amor en las familias o la educaci\u00f3n de los hijos, Jorge Bergoglio se ha referido al conflicto que sufren los miles de migrantes cubanos varados en distintos pa\u00edses de &hellip; <a href=\"https:\/\/www.biblia.work\/noticias\/el-papa-pide-una-solucion-al-drama-humanitario-de-migrantes-cubanos\/\" class=\"more-link\">Continuar leyendo<span class=\"screen-reader-text\"> \u00abEl Papa pide una soluci\u00f3n al drama humanitario de migrantes cubanos\u00bb<\/span><\/a><\/p>\n","protected":false},"author":1,"featured_media":0,"comment_status":"open","ping_status":"open","sticky":false,"template":"","format":"standard","meta":{"footnotes":""},"categories":[1],"tags":[],"class_list":["post-807","post","type-post","status-publish","format-standard","hentry","category-general"],"_links":{"self":[{"href":"https:\/\/www.biblia.work\/noticias\/wp-json\/wp\/v2\/posts\/807","targetHints":{"allow":["GET"]}}],"collection":[{"href":"https:\/\/www.biblia.work\/noticias\/wp-json\/wp\/v2\/posts"}],"about":[{"href":"https:\/\/www.biblia.work\/noticias\/wp-json\/wp\/v2\/types\/post"}],"author":[{"embeddable":true,"href":"https:\/\/www.biblia.work\/noticias\/wp-json\/wp\/v2\/users\/1"}],"replies":[{"embeddable":true,"href":"https:\/\/www.biblia.work\/noticias\/wp-json\/wp\/v2\/comments?post=807"}],"version-history":[{"count":0,"href":"https:\/\/www.biblia.work\/noticias\/wp-json\/wp\/v2\/posts\/807\/revisions"}],"wp:attachment":[{"href":"https:\/\/www.biblia.work\/noticias\/wp-json\/wp\/v2\/media?parent=807"}],"wp:term":[{"taxonomy":"category","embeddable":true,"href":"https:\/\/www.biblia.work\/noticias\/wp-json\/wp\/v2\/categories?post=807"},{"taxonomy":"post_tag","embeddable":true,"href":"https:\/\/www.biblia.work\/noticias\/wp-json\/wp\/v2\/tags?post=807"}],"curies":[{"name":"wp","href":"https:\/\/api.w.org\/{rel}","templated":true}]}}