{"id":823,"date":"2015-12-29T12:22:03","date_gmt":"2015-12-29T17:22:03","guid":{"rendered":"http:\/\/www.biblia.work\/noticias\/ee-uu-anuncia-la-muerte-de-varios-yihadistas-ligados-al-ataque-del-13-n\/"},"modified":"2015-12-29T12:22:03","modified_gmt":"2015-12-29T17:22:03","slug":"ee-uu-anuncia-la-muerte-de-varios-yihadistas-ligados-al-ataque-del-13-n","status":"publish","type":"post","link":"https:\/\/www.biblia.work\/noticias\/ee-uu-anuncia-la-muerte-de-varios-yihadistas-ligados-al-ataque-del-13-n\/","title":{"rendered":"EE UU anuncia la muerte de varios yihadistas ligados al ataque del 13-N"},"content":{"rendered":"<p style=\"text-align: justify\">Los ataques a\u00e9reos que la coalici\u00f3n internacional liderada por Estados Unidos realiza en Irak y Siria han causado en las \u00faltimas semanas la muerte de diez dirigentes del Estado Isl\u00e1mico, incluidos al menos dos vinculados directamente a los atentados de Par\u00eds del 13 de noviembre, anunci\u00f3 este martes el Pent\u00e1gono. \u201cDurante el pasado mes hemos matado a diez l\u00edderes del ISIS, incluidos varios miembros externos que planificaban ataques. Algunos de ellos est\u00e1n vinculados a los atentados de Par\u00eds\u201d, dijo el coronel Steve Warren, portavoz estadounidense de la coalici\u00f3n internacional. Otros de los terroristas abatidos \u201cten\u00edan planes para realizar otros ataques en Occidente\u201d, agreg\u00f3 en teleconferencia desde Bagdad.<\/p>\n<p style=\"text-align: justify\">Los extremistas relacionados con la masacre de la capital francesa, que dej\u00f3 129 muertos y m\u00e1s de 350 heridos son Charaffe al Mouadan y Abdul Qader Hakim.<\/p>\n<p style=\"text-align: justify\">Seg\u00fan Warren, Al Mouadan era un extremista del ISIS asentado en Siria y que ten\u00eda un \u201cv\u00ednculo directo\u201d con el cerebro de la matanza de Par\u00eds, el belga Abdelhamid Abaaoud, abatido en el asalto policial realizado en el barrio parisino de Saint Denis tras los atentados. El terrorista, \u201cque estaba planeando activamente ataques adicionales contra Occidente\u201d, subray\u00f3 el coronel, muri\u00f3 en un bombardeo a\u00e9reo perpetrado el 24 de diciembre en un lugar no especificado de Siria.<\/p>\n<p style=\"text-align: justify\">Las fuerzas de la coalici\u00f3n tambi\u00e9n abatieron dos d\u00edas despu\u00e9s, el s\u00e1bado 26, a Abdul Qader Hakim en la ciudad iraqu\u00ed de Mosul. El \u201cveterano combatiente\u201d, como lo defini\u00f3 Warren, era un especialista en falsificaciones y tambi\u00e9n estaba vinculado a los atentados de Par\u00eds. Formaba parte del grupo de operaciones externas del Estado isl\u00e1mico que facilita los atentados contra objetivos occidentales. \u201cSu muerte elimina un facilitador importante con muchos contactos en Europa\u201d, asever\u00f3 el portavoz militar estadounidense.<\/p>\n<p style=\"text-align: justify\">En total, la coalici\u00f3n internacional realiz\u00f3 en el pasado mes m\u00e1s de 150 ataques a\u00e9reos en Irak y Siria contra posiciones del ISIS. \u201cEstamos atacando la cabeza de esta serpiente al rastrear y matar a los l\u00edderes del Estado Isl\u00e1mico\u201d, dijo Warren, que asegur\u00f3 que la coalici\u00f3n \u201cseguir\u00e1 cazando a los l\u00edderes del ISIS que buscan reclutar, planificar e inspirar ataques contra Estados Unidos y sus aliados\u201d.<\/p>\n<p style=\"text-align: justify\"><em>Fuente: <strong>www.elpais.com<\/strong><\/em><\/p>\n","protected":false},"excerpt":{"rendered":"<p>Los ataques a\u00e9reos que la coalici\u00f3n internacional liderada por Estados Unidos realiza en Irak y Siria han causado en las \u00faltimas semanas la muerte de diez dirigentes del Estado Isl\u00e1mico, incluidos al menos dos vinculados directamente a los atentados de Par\u00eds del 13 de noviembre, anunci\u00f3 este martes el Pent\u00e1gono. \u201cDurante el pasado mes hemos &hellip; <a href=\"https:\/\/www.biblia.work\/noticias\/ee-uu-anuncia-la-muerte-de-varios-yihadistas-ligados-al-ataque-del-13-n\/\" class=\"more-link\">Continuar leyendo<span class=\"screen-reader-text\"> \u00abEE UU anuncia la muerte de varios yihadistas ligados al ataque del 13-N\u00bb<\/span><\/a><\/p>\n","protected":false},"author":1,"featured_media":0,"comment_status":"open","ping_status":"open","sticky":false,"template":"","format":"standard","meta":{"footnotes":""},"categories":[1],"tags":[],"class_list":["post-823","post","type-post","status-publish","format-standard","hentry","category-general"],"_links":{"self":[{"href":"https:\/\/www.biblia.work\/noticias\/wp-json\/wp\/v2\/posts\/823","targetHints":{"allow":["GET"]}}],"collection":[{"href":"https:\/\/www.biblia.work\/noticias\/wp-json\/wp\/v2\/posts"}],"about":[{"href":"https:\/\/www.biblia.work\/noticias\/wp-json\/wp\/v2\/types\/post"}],"author":[{"embeddable":true,"href":"https:\/\/www.biblia.work\/noticias\/wp-json\/wp\/v2\/users\/1"}],"replies":[{"embeddable":true,"href":"https:\/\/www.biblia.work\/noticias\/wp-json\/wp\/v2\/comments?post=823"}],"version-history":[{"count":0,"href":"https:\/\/www.biblia.work\/noticias\/wp-json\/wp\/v2\/posts\/823\/revisions"}],"wp:attachment":[{"href":"https:\/\/www.biblia.work\/noticias\/wp-json\/wp\/v2\/media?parent=823"}],"wp:term":[{"taxonomy":"category","embeddable":true,"href":"https:\/\/www.biblia.work\/noticias\/wp-json\/wp\/v2\/categories?post=823"},{"taxonomy":"post_tag","embeddable":true,"href":"https:\/\/www.biblia.work\/noticias\/wp-json\/wp\/v2\/tags?post=823"}],"curies":[{"name":"wp","href":"https:\/\/api.w.org\/{rel}","templated":true}]}}