{"id":8727,"date":"2016-11-10T06:15:03","date_gmt":"2016-11-10T11:15:03","guid":{"rendered":"http:\/\/www.biblia.work\/noticias\/el-papa-en-sta-marta-el-reino-de-dios-no-es-una-religion-del-espectaculo\/"},"modified":"2016-11-10T06:15:03","modified_gmt":"2016-11-10T11:15:03","slug":"el-papa-en-sta-marta-el-reino-de-dios-no-es-una-religion-del-espectaculo","status":"publish","type":"post","link":"https:\/\/www.biblia.work\/noticias\/el-papa-en-sta-marta-el-reino-de-dios-no-es-una-religion-del-espectaculo\/","title":{"rendered":"El Papa en Sta. Marta: El Reino de Dios no es una \u201creligi\u00f3n del espect\u00e1culo\u201d"},"content":{"rendered":"<p style=\"text-align: justify\"><span style=\"font-weight: 400\">(ZENIT &#8211; Ciudad del Vaticano).- El papa Francisco ha pedido vencer la tentaci\u00f3n de una religi\u00f3n del espect\u00e1culo que busca siempre nuevas revelaciones, como si fueran fuegos artificiales. <\/span><\/p>\n<p style=\"text-align: justify\"><span style=\"font-weight: 400\">Lo ha hecho durante la homil\u00eda de la misa celebrada esta ma\u00f1ana en Santa Marta. De este modo ha recordado que el Reino de Dios \u201ccrece si cuidamos la esperanza en la vida de cada d\u00eda\u201d. <\/span><\/p>\n<p style=\"text-align: justify\"><span style=\"font-weight: 400\">En el Evangelio del d\u00eda &#8211;ha explicado el Santo Padre&#8211; Jes\u00fas responde a los fariseos que le preguntan con curiosidad cu\u00e1ndo \u201cvendr\u00e1 el Reino de Dios\u201d. Ya ha venido &#8211;dice el Se\u00f1or&#8211; est\u00e1 en medio de vosotros. \u201cEs como una peque\u00f1a semilla que est\u00e1 sembrada y crece sola, con el tiempo&#8221;. Dios lo hace crecer, ha precisado, pero sin atraer la atenci\u00f3n. <\/span><\/p>\n<p style=\"text-align: justify\"><span style=\"font-weight: 400\">As\u00ed, el Pont\u00edfice ha recordado que el Reino de Dios no es una \u201creligi\u00f3n del espect\u00e1culo\u201d que \u201csiempre est\u00e1 buscando cosas nuevas, revelaciones, mensajes\u201d. Por eso ha subrayado que \u201cDios ha hablado por medio de Jesucristo: esta es la \u00faltima palabra de Dios\u201d. Lo dem\u00e1s\u00a0son como \u201cfuegos artificiales\u201d que te iluminan por un momento y despu\u00e9s \u00bfqu\u00e9 queda?, nada. \u201cNo hay crecimiento, no hay luz, no hay nada: un instante\u201d. <\/span><\/p>\n<p style=\"text-align: justify\"><span style=\"font-weight: 400\">Por eso, el Santo Padre ha advertido que muchas veces podemos ser\u00a0tentados por esta religi\u00f3n del espect\u00e1culo, de buscar cosas ajenas a la Revelaci\u00f3n, a la mansedumbre del Reino de Dios que est\u00e1 en medio de nosotros y crece. Y este desear cosas ajenas &#8220;no es esperanza: es el deseo de tener algo a mano\u201d, ha indicado. <\/span><\/p>\n<p style=\"text-align: justify\"><span style=\"font-weight: 400\">Nuestra salvaci\u00f3n &#8211;ha aseverado el Santo Padre&#8211; se da en la esperanza, la esperanza que tiene el hombre que siembra el grano o la mujer que prepara el pan, mezclando levadura y harina: la esperanza de que crezca. Porque\u00a0<\/span><span style=\"font-weight: 400\">esa\u00a0luminosidad artificial se produce\u00a0toda en un momento y despu\u00e9s se va, como los fuegos artificiales: \u201cno sirve para iluminar una casa, es un espect\u00e1culo\u201d, ha advertido. <\/span><\/p>\n<p style=\"text-align: justify\"><span style=\"font-weight: 400\">Por eso, el Santo Padre se ha interrogado sobre qu\u00e9 debemos hacer mientras esperamos que venga la plenitud del Reino de Dios. Y respondi\u00f3: tenemos que \u201cvigilar\u201d. <\/span><\/p>\n<p style=\"text-align: justify\"><span style=\"font-weight: 400\">\u201cVigilar con paciencia. La paciencia en nuestro trabajo, en nuestros sufrimientos\u2026 Vigilar como el hombre que plant\u00f3 la semilla y espera la planta y trata que no haya mala hierba cerca, para que la planta crezca\u201d, ha precisado. <\/span><\/p>\n<p style=\"text-align: justify\"><span style=\"font-weight: 400\">De este modo, el Santo Padre ha asegurado que lo que hay que hacer si el Reino est\u00e1 en medio de nosotros es \u201cvigilar\u201d, \u201ccrecer en la esperanza\u201d, \u201cvigilar la esperanza\u201d. Porque en la esperanza \u201chemos sido salvados\u201d. <\/span><\/p>\n<p style=\"text-align: justify\"><span style=\"font-weight: 400\">Este es el hilo, ha explicado el Pont\u00edfice en su homil\u00eda. \u201cLa esperanza es el hilo de la historia de la salvaci\u00f3n\u201d. La esperanza de encontrar al Se\u00f1or definitivamente. <\/span><span style=\"font-weight: 400\">El Reino de Dios &#8211;ha observado el Santo Padre&#8211; se hace fuerte en la esperanza. <\/span><\/p>\n<p style=\"text-align: justify\"><span style=\"font-weight: 400\">En esta l\u00ednea, el Pont\u00edfice ha invitado a\u00a0preguntarse:\u00a0\u201c\u00bfYo tengo esperanza o voy adelante como puedo y no s\u00e9 discernir el bien del mal, el grano de la ciza\u00f1a, la luz, la suave luz del Esp\u00edritu Santo de esta luminosidad artificial?\u201d<\/span><\/p>\n<p style=\"text-align: justify\"><span style=\"font-weight: 400\">Finalmente, el Santo Padre ha invitado a interrogarse sobre \u201cnuestra esperanza en esta semilla que est\u00e1 creciendo en nosotros\u201d y sobre c\u00f3mo \u201cvigilamos nuestra esperanza\u201d. <\/span><\/p>\n<p><span class=\"et_bloom_bottom_trigger\"><\/span><\/p>\n<p><a href=\"https:\/\/es.zenit.org\/\" target=\"_blank\" rel=\"nofollow\">Fuente: es.zenit.org<\/a><\/p>\n","protected":false},"excerpt":{"rendered":"<p>(ZENIT &#8211; Ciudad del Vaticano).- El papa Francisco ha pedido vencer la tentaci\u00f3n de una religi\u00f3n del espect\u00e1culo que busca siempre nuevas revelaciones, como si fueran fuegos artificiales. Lo ha hecho durante la homil\u00eda de la misa celebrada esta ma\u00f1ana en Santa Marta. De este modo ha recordado que el Reino de Dios \u201ccrece si &hellip; <a href=\"https:\/\/www.biblia.work\/noticias\/el-papa-en-sta-marta-el-reino-de-dios-no-es-una-religion-del-espectaculo\/\" class=\"more-link\">Continuar leyendo<span class=\"screen-reader-text\"> \u00abEl Papa en Sta. Marta: El Reino de Dios no es una \u201creligi\u00f3n del espect\u00e1culo\u201d\u00bb<\/span><\/a><\/p>\n","protected":false},"author":1,"featured_media":0,"comment_status":"open","ping_status":"closed","sticky":false,"template":"","format":"standard","meta":{"footnotes":""},"categories":[1],"tags":[],"class_list":["post-8727","post","type-post","status-publish","format-standard","hentry","category-general"],"_links":{"self":[{"href":"https:\/\/www.biblia.work\/noticias\/wp-json\/wp\/v2\/posts\/8727","targetHints":{"allow":["GET"]}}],"collection":[{"href":"https:\/\/www.biblia.work\/noticias\/wp-json\/wp\/v2\/posts"}],"about":[{"href":"https:\/\/www.biblia.work\/noticias\/wp-json\/wp\/v2\/types\/post"}],"author":[{"embeddable":true,"href":"https:\/\/www.biblia.work\/noticias\/wp-json\/wp\/v2\/users\/1"}],"replies":[{"embeddable":true,"href":"https:\/\/www.biblia.work\/noticias\/wp-json\/wp\/v2\/comments?post=8727"}],"version-history":[{"count":0,"href":"https:\/\/www.biblia.work\/noticias\/wp-json\/wp\/v2\/posts\/8727\/revisions"}],"wp:attachment":[{"href":"https:\/\/www.biblia.work\/noticias\/wp-json\/wp\/v2\/media?parent=8727"}],"wp:term":[{"taxonomy":"category","embeddable":true,"href":"https:\/\/www.biblia.work\/noticias\/wp-json\/wp\/v2\/categories?post=8727"},{"taxonomy":"post_tag","embeddable":true,"href":"https:\/\/www.biblia.work\/noticias\/wp-json\/wp\/v2\/tags?post=8727"}],"curies":[{"name":"wp","href":"https:\/\/api.w.org\/{rel}","templated":true}]}}