{"id":8730,"date":"2016-11-10T07:15:04","date_gmt":"2016-11-10T12:15:04","guid":{"rendered":"http:\/\/www.biblia.work\/noticias\/francisco-recuerda-que-la-unidad-de-los-cristianos-es-una-exigencia-esencial-de-nuestra-fe\/"},"modified":"2016-11-10T07:15:04","modified_gmt":"2016-11-10T12:15:04","slug":"francisco-recuerda-que-la-unidad-de-los-cristianos-es-una-exigencia-esencial-de-nuestra-fe","status":"publish","type":"post","link":"https:\/\/www.biblia.work\/noticias\/francisco-recuerda-que-la-unidad-de-los-cristianos-es-una-exigencia-esencial-de-nuestra-fe\/","title":{"rendered":"Francisco recuerda que la unidad de los cristianos es \u201cuna exigencia esencial de nuestra fe\u201d"},"content":{"rendered":"<p style=\"text-align: justify\"><span style=\"font-weight: 400\">(ZENIT &#8211; Ciudad del Vaticano).- El papa Francisco ha asegurado que \u201cla unidad de los cristianos\u201d es una de sus principales preocupaciones y reza para que \u201csea cada vez\u00a0m\u00e1s compartida por cada bautizado\u201d. <\/span><span style=\"font-weight: 400\">Lo ha indicado \u00e9l mismo en su encuentro con los participantes de la Sesi\u00f3n Plenaria del Pontificio Consejo para la Promoci\u00f3n de la Unidad de los Cristianos. El tema que han abordado es \u201cUnidad de los cristianos: \u00bfqu\u00e9 modelo de plena comuni\u00f3n?\u201d.<\/span><\/p>\n<p style=\"text-align: justify\"><span style=\"font-weight: 400\">Durante su discurso, el Santo Padre ha recordado que este a\u00f1o ha tenido oportunidad de vivir muchos encuentro ecum\u00e9nicos significativos, tanto en Roma como durante los viajes. As\u00ed, ha asegurado que cada uno de estos encuentros ha sido para \u00e9l fuente de \u201cconsolaci\u00f3n\u201d porque ha podido constatar que \u201cel deseo de comuni\u00f3n es vivo e intenso\u201d. <\/span><\/p>\n<p style=\"text-align: justify\"><span style=\"font-weight: 400\">De este modo, ha recordado que \u201cla unidad de los cristianos es una exigencia esencial de nuestra fe\u201d. Una exigencia que fluye de la intimidad de nuestro ser creyentes en Jesucristo. As\u00ed, ha explicado que \u201cinvocamos la unidad porque invocamos a Cristo\u201d. Y queremos vivir la unidad \u201cporque queremos seguir a Cristo, vivir su amor, gozar del misterio de su ser uno con el Padre, que es la esencia del amor divino\u201d. <\/span><\/p>\n<p style=\"text-align: justify\"><span style=\"font-weight: 400\">No basta estar de acuerdo en la comprensi\u00f3n del Evangelio, sino que es necesario que todos los creyentes est\u00e9n unidos a Cristo y en Cristo, ha subrayado el Papa. Asimismo, ha precisado que \u201ces nuestra conversi\u00f3n personal y comunitaria\u201d la que permite \u201ccrecer en la comuni\u00f3n entre nosotros\u201d. Este es &#8220;el alma&#8221; que sostiene tambi\u00e9n las sesiones de estudio y todo tipo de esfuerzo para &#8220;alcanzar puntos de vista m\u00e1s cercanos&#8221;. <\/span><\/p>\n<p style=\"text-align: justify\"><span style=\"font-weight: 400\">Teniendo en cuenta esto, \u201ces posible desenmascarar algunos falsos modelos de comuni\u00f3n que en realidad no llevan a la unidad sino que la contradicen en su verdadera esencia\u201d, ha se\u00f1alado. <\/span><\/p>\n<p style=\"text-align: justify\"><span style=\"font-weight: 400\">En primer lugar, el Santo Padre ha asegurado que la \u201cunidad no es el fruto de nuestros esfuerzos humanos\u201d o el producto construido de diplomacias eclesi\u00e1sticas, sino \u201cun don que viene de lo Alto\u201d. Nuestra tarea &#8211;ha a\u00f1adido&#8211; es la de acoger este don y hacerlo visible a todos. <\/span><\/p>\n<p style=\"text-align: justify\"><span style=\"font-weight: 400\">Desde este punto de vista, la unidad \u201ces camino con su hoja de ruta y sus ritmos, sus frenos y sus aceleraciones, y tambi\u00e9n con sus paradas\u201d. La unidad como camino \u201crequiere esperas pacientes, tenacidad, cansancio y compromiso\u201d. Del mismo modo ha precisado que la unidad \u201cno anula los conflictos y no cancela los contrastes\u201d, es m\u00e1s, \u201c a veces puede mostrar nuevas incomprensiones\u201d. <\/span><\/p>\n<p style=\"text-align: justify\"><span style=\"font-weight: 400\">La unidad &#8211;ha asegurado el Santo Padre&#8211; puede ser acogida solo por quien decide ponerse en camino hacia una meta que hoy podr\u00eda aparecer m\u00e1s bien lejana. Asimismo, ha a\u00f1adido que la unidad de amor es ya realidad cuando los que Dios ha elegido y llamado a formar su pueblo anuncian juntos las maravillas que \u00c9l ha realizado por ellos, sobre todo ofreciendo un testimonio de vida plena de caridad hacia todos. <\/span><\/p>\n<p style=\"text-align: justify\"><span style=\"font-weight: 400\">El Pont\u00edfice ha subrayado que \u201cla unidad se hace caminando\u201d. Caminando juntos \u201cnos encontramos como hermanos, rezamos juntos, colaboramos juntos en el anuncio del Evangelio y en el servicio a los \u00faltimos estamos ya unidos\u201d. <\/span><span style=\"font-weight: 400\">Las divergencias teol\u00f3gicas y eclesiol\u00f3gicas &#8211;ha precisado&#8211; \u00a0ser\u00e1n superadas solo en este camino. <\/span><\/p>\n<p style=\"text-align: justify\"><span style=\"font-weight: 400\">En segundo lugar, el Santo Padre ha afirmado que \u201cla unidad no es uniformidad\u201d. Por eso ha observado que \u201clas diferentes tradiciones teol\u00f3gicas, lit\u00fargicas, espirituales y can\u00f3nicas\u201d cuando est\u00e1n genuinamente enraizadas en la tradici\u00f3n apost\u00f3lica, \u201cson una riqueza y no una amenazada para la unidad de la Iglesia\u201d. As\u00ed ha advertido de que \u201ctratar de suprimir tal diversidad es ir contra el Esp\u00edritu Santo\u201d. La tarea ecum\u00e9nica es \u201crespetar la diversidad leg\u00edtima y llevar a superar las divergencias inconciliables con la unidad que Dios pide\u201d. <\/span><\/p>\n<p style=\"text-align: justify\"><span style=\"font-weight: 400\">Finalmente, el Santo Padre ha se\u00f1alado que \u201cla unidad no es absorci\u00f3n\u201d. La unidad de los cristianos &#8211;ha explicado&#8211; no conlleva a una ecumenismo \u2018en marcha atr\u00e1s\u2019, por lo que alguno deber\u00eda renegar de la propia historia de fe; ni tampoco tolera el proselitismo, que es un veneno para el camino ecum\u00e9nico. Antes de ver lo que nos separa, \u201ces necesario percibir tambi\u00e9n de forma existencial la riqueza de lo que nos re\u00fane, como la Sagrada Escritura y las grandes profesiones de fe de los primeros Concilios ecum\u00e9nicos\u201d. <\/span><\/p>\n<p style=\"text-align: justify\"><span style=\"font-weight: 400\">As\u00ed, el Santo Padre ha concluido su discurso recordando que las distintas comunidades cristianas est\u00e1n llamadas a no \u201ccompetir\u201d, sino a colaborar. <\/span><\/p>\n<p><span class=\"et_bloom_bottom_trigger\"><\/span><\/p>\n<p><a href=\"https:\/\/es.zenit.org\/\" target=\"_blank\" rel=\"nofollow\">Fuente: es.zenit.org<\/a><\/p>\n","protected":false},"excerpt":{"rendered":"<p>(ZENIT &#8211; Ciudad del Vaticano).- El papa Francisco ha asegurado que \u201cla unidad de los cristianos\u201d es una de sus principales preocupaciones y reza para que \u201csea cada vez\u00a0m\u00e1s compartida por cada bautizado\u201d. Lo ha indicado \u00e9l mismo en su encuentro con los participantes de la Sesi\u00f3n Plenaria del Pontificio Consejo para la Promoci\u00f3n de &hellip; <a href=\"https:\/\/www.biblia.work\/noticias\/francisco-recuerda-que-la-unidad-de-los-cristianos-es-una-exigencia-esencial-de-nuestra-fe\/\" class=\"more-link\">Continuar leyendo<span class=\"screen-reader-text\"> \u00abFrancisco recuerda que la unidad de los cristianos es \u201cuna exigencia esencial de nuestra fe\u201d\u00bb<\/span><\/a><\/p>\n","protected":false},"author":1,"featured_media":0,"comment_status":"open","ping_status":"closed","sticky":false,"template":"","format":"standard","meta":{"footnotes":""},"categories":[1],"tags":[],"class_list":["post-8730","post","type-post","status-publish","format-standard","hentry","category-general"],"_links":{"self":[{"href":"https:\/\/www.biblia.work\/noticias\/wp-json\/wp\/v2\/posts\/8730","targetHints":{"allow":["GET"]}}],"collection":[{"href":"https:\/\/www.biblia.work\/noticias\/wp-json\/wp\/v2\/posts"}],"about":[{"href":"https:\/\/www.biblia.work\/noticias\/wp-json\/wp\/v2\/types\/post"}],"author":[{"embeddable":true,"href":"https:\/\/www.biblia.work\/noticias\/wp-json\/wp\/v2\/users\/1"}],"replies":[{"embeddable":true,"href":"https:\/\/www.biblia.work\/noticias\/wp-json\/wp\/v2\/comments?post=8730"}],"version-history":[{"count":0,"href":"https:\/\/www.biblia.work\/noticias\/wp-json\/wp\/v2\/posts\/8730\/revisions"}],"wp:attachment":[{"href":"https:\/\/www.biblia.work\/noticias\/wp-json\/wp\/v2\/media?parent=8730"}],"wp:term":[{"taxonomy":"category","embeddable":true,"href":"https:\/\/www.biblia.work\/noticias\/wp-json\/wp\/v2\/categories?post=8730"},{"taxonomy":"post_tag","embeddable":true,"href":"https:\/\/www.biblia.work\/noticias\/wp-json\/wp\/v2\/tags?post=8730"}],"curies":[{"name":"wp","href":"https:\/\/api.w.org\/{rel}","templated":true}]}}