{"id":8741,"date":"2016-11-10T12:15:04","date_gmt":"2016-11-10T17:15:04","guid":{"rendered":"http:\/\/www.biblia.work\/noticias\/lo-que-decia-bergoglio-antes-de-ser-papa\/"},"modified":"2016-11-10T12:15:04","modified_gmt":"2016-11-10T17:15:04","slug":"lo-que-decia-bergoglio-antes-de-ser-papa","status":"publish","type":"post","link":"https:\/\/www.biblia.work\/noticias\/lo-que-decia-bergoglio-antes-de-ser-papa\/","title":{"rendered":"Lo que dec\u00eda Bergoglio antes de ser Papa"},"content":{"rendered":"<p style=\"text-align: justify\">(ZENIT &#8211; Roma).- &#8216;Es\u00a0enorme&#8217;, brome\u00f3 el padre Federico Lombardi ex-portavoz del Vaticano al moderar la presentaci\u00f3n del libro de casi mil p\u00e1ginas que lleva el t\u00edtulo: \u201cEn tus ojos est\u00e1 mi palabra \u2013 Homil\u00edas y discursos de Buenos Aires, 1999-20013)&#8221;.<\/p>\n<p style=\"text-align: justify\">Publicado en Italia por la Rizzoli y presentado hoy en el auditorio la Curia general de los jesuitas, es una recopilaci\u00f3n de los pensamientos que\u00a0el cardenal Bergoglio expres\u00f3 p\u00fablicamente durante 14 a\u00f1os en Buenos Aires, la ciudad en donde fue arzobispos\u00a0antes de ser elegido Papa.<\/p>\n<p style=\"text-align: justify\">De esta especie de <em>Opera omnia<\/em>\u00a0se ocup\u00f3 el padre jesuita Antonio Spadaro, director de la revista Civilt\u00e0 Cattolica, hist\u00f3ricamente muy relacionada con la Santa Sede. Es una traducci\u00f3n al italiano de estos discursos y homil\u00edas, las cuales a\u00fan no han sido publicadas en otros idiomas y quieren ser un &#8216;regalo de cumplea\u00f1os para el actual pont\u00edfice&#8217; que\u00a0cumplir\u00e1 80 a\u00f1os en diciembre.<\/p>\n<p style=\"text-align: justify\">Entre las homil\u00edas est\u00e1 la que el cardenal argentino hab\u00eda preparado para la misa crismal que pensaba celebrar despu\u00e9s de viajar a Roma para el c\u00f3nclave que lo eligi\u00f3 Papa, y por lo tanto nunca pronunciada.<\/p>\n<p style=\"text-align: justify\">Participaron en la presentaci\u00f3n el cardenal Pietro Parol\u00edn, secretario de Estado de la Santa Sede, el nuevo superior general de los Jesuitas, Arturo Sosa, y el arzobispo de Chicago, Blase Jopseph Cupich, quien el pr\u00f3ximo 19 de noviembre ser\u00e1 elevado a cardenal. En el auditorio estaban tambi\u00e9n los cardenales Abril y Castell\u00f3; Castrill\u00f3n Hoyos y Renato Martino.<\/p>\n<p style=\"text-align: justify\">El cardenal Parol\u00edn se\u00f1al\u00f3 que cuanto\u00a0contenido en este libro \u201ces de alguna manera el laboratorio del pontificado de Francisco\u201d, como el \u201ctema de la <em>Evangelii gaudium<\/em>, o sea la alegr\u00eda de evangelizar\u201d porque \u201cen su manera de ver la realidad reconoceremos en embri\u00f3n muchos trazos de su magisterio actual\u201d.<\/p>\n<p style=\"text-align: justify\"><img loading=\"lazy\" decoding=\"async\" class=\"alignleft size-medium wp-image-78531\" src=\"https:\/\/es.zenit.org\/wp-content\/uploads\/2016\/11\/Padre-Sosa-general-de-la-Compa\u00f1\u00eda-de-Jes\u00fas-con-el-cardenal-Parol\u00edn-Foto-ZENIT-cc-374x275.jpg\" alt=\"padre-sosa-general-de-la-compania-de-jesus-con-el-cardenal-parolin-foto-zenit-cc\" width=\"374\" height=\"275\" \/>El purpurado se\u00f1ala que leyendo el libro \u201cse entienden mejor las palabras y los gestos de un pont\u00edfice que puso en el centro de su ministerio el discernimiento y la misericordia\u201d y la formaci\u00f3n de quien viene considerado uno de los m\u00e1s escuchados l\u00edderes a nivel global, como indic\u00f3 recientemente un sondeo Gallup.<\/p>\n<p style=\"text-align: justify\">Porque \u201clas palabras del ministerio pastoral de Bergoglio se nutren de vida vivida, de temas abiertos, fronteras cruzadas, periferias recorridas, desaf\u00edos que tienen rostros y nombres\u201d.\u00a0O sea \u201cno elabora conceptos abstractos, pero abraza a la humanidad que tiene delante\u201d, de aqu\u00ed el nombre del libro <em>Nei tuoi occhi \u00e9 la mia parola<\/em>, porque son los ojos de los fieles, del santo pueblo de Dios los que deben generar la palabra paterna.<\/p>\n<p style=\"text-align: justify\">Y esto lo dice el Papa en la entrevista que le dio al padre Spadaro, puesta al inicio del libro: \u201cEl Papa siente la necesidad de ver en los ojos de las personas a las que se dirige\u201d porque \u201cFrancisco nunca ve delante de s\u00ed a una masa\u201d.<\/p>\n<p style=\"text-align: justify\">En la entrevista recuerda episodios en el catequismo con los ni\u00f1os, o su predilecci\u00f3n por los abuelos, habla de la liturgia y la sana tradici\u00f3n; sobre los j\u00f3venes inquietos, \u201cno conformista con los clich\u00e9 culturales\u201d y que &#8220;es necesario aprender a leer y valorizar, porque todos los sistemas que quieren dejar quieto al hombre son perniciosos porque conducen de un modo u otro al quietismo existencial\u201d.<\/p>\n<p style=\"text-align: justify\">Los textos est\u00e1n en orden cronol\u00f3gico si bien hay etapas que se repiten fijas, como el <em>Te Deum<\/em> del 25 de mayo, la fiesta nacional, con car\u00e1cter po\u00edtico; las homil\u00edas por\u00a0san Cayetano, fiesta de los trabajadores, con discursos de tipo social; y las homil\u00edas en las peregrinaciones al santuario de la Virgen de Luj\u00e1n.<\/p>\n<p style=\"text-align: justify\">\u201cUna predicaci\u00f3n que fue una especie de examen de conciencia sea religioso que civil de la sociedad argentina\u201d, invitando al sentido de la responsabilidad. Y en los que\u00a0&#8220;no dud\u00f3 en algunas circunstancias de lanzar claros desaf\u00edos al gobierno en nombre del pueblo y a combatir las elites enfermas de ideolog\u00eda\u201d.<\/p>\n<p style=\"text-align: justify\">Entre las encrucijadas, los dilemas entre globalizaci\u00f3n y solidaridad, Bergoglio ve \u201cel drama de vaciamiento de las relaciones\u201d indic\u00f3 el secretario de Estado.<\/p>\n<p style=\"text-align: justify\">Y respondiendo al padre Spadaro, el papa Francisco explica que \u201cla homil\u00eda siempre es pol\u00edtica porque se hace en la polis\u201d, porque \u201cse refiere a la construcci\u00f3n de la civilizaci\u00f3n\u201d. Incluso \u201cen el confesionario cuando se da la absoluci\u00f3n, se construye el bien com\u00fan\u201d.<\/p>\n<p><span class=\"et_bloom_bottom_trigger\"><\/span><\/p>\n<p><a href=\"https:\/\/es.zenit.org\/\" target=\"_blank\" rel=\"nofollow\">Fuente: es.zenit.org<\/a><\/p>\n","protected":false},"excerpt":{"rendered":"<p>(ZENIT &#8211; Roma).- &#8216;Es\u00a0enorme&#8217;, brome\u00f3 el padre Federico Lombardi ex-portavoz del Vaticano al moderar la presentaci\u00f3n del libro de casi mil p\u00e1ginas que lleva el t\u00edtulo: \u201cEn tus ojos est\u00e1 mi palabra \u2013 Homil\u00edas y discursos de Buenos Aires, 1999-20013)&#8221;. Publicado en Italia por la Rizzoli y presentado hoy en el auditorio la Curia general &hellip; <a href=\"https:\/\/www.biblia.work\/noticias\/lo-que-decia-bergoglio-antes-de-ser-papa\/\" class=\"more-link\">Continuar leyendo<span class=\"screen-reader-text\"> \u00abLo que dec\u00eda Bergoglio antes de ser Papa\u00bb<\/span><\/a><\/p>\n","protected":false},"author":1,"featured_media":0,"comment_status":"open","ping_status":"closed","sticky":false,"template":"","format":"standard","meta":{"footnotes":""},"categories":[1],"tags":[],"class_list":["post-8741","post","type-post","status-publish","format-standard","hentry","category-general"],"_links":{"self":[{"href":"https:\/\/www.biblia.work\/noticias\/wp-json\/wp\/v2\/posts\/8741","targetHints":{"allow":["GET"]}}],"collection":[{"href":"https:\/\/www.biblia.work\/noticias\/wp-json\/wp\/v2\/posts"}],"about":[{"href":"https:\/\/www.biblia.work\/noticias\/wp-json\/wp\/v2\/types\/post"}],"author":[{"embeddable":true,"href":"https:\/\/www.biblia.work\/noticias\/wp-json\/wp\/v2\/users\/1"}],"replies":[{"embeddable":true,"href":"https:\/\/www.biblia.work\/noticias\/wp-json\/wp\/v2\/comments?post=8741"}],"version-history":[{"count":0,"href":"https:\/\/www.biblia.work\/noticias\/wp-json\/wp\/v2\/posts\/8741\/revisions"}],"wp:attachment":[{"href":"https:\/\/www.biblia.work\/noticias\/wp-json\/wp\/v2\/media?parent=8741"}],"wp:term":[{"taxonomy":"category","embeddable":true,"href":"https:\/\/www.biblia.work\/noticias\/wp-json\/wp\/v2\/categories?post=8741"},{"taxonomy":"post_tag","embeddable":true,"href":"https:\/\/www.biblia.work\/noticias\/wp-json\/wp\/v2\/tags?post=8741"}],"curies":[{"name":"wp","href":"https:\/\/api.w.org\/{rel}","templated":true}]}}