{"id":8752,"date":"2016-11-10T14:15:03","date_gmt":"2016-11-10T19:15:03","guid":{"rendered":"http:\/\/www.biblia.work\/noticias\/trump-y-el-muro-parolin-esperemos-ver-que-hara-por-ahora-demosle-tiempo\/"},"modified":"2016-11-10T14:15:03","modified_gmt":"2016-11-10T19:15:03","slug":"trump-y-el-muro-parolin-esperemos-ver-que-hara-por-ahora-demosle-tiempo","status":"publish","type":"post","link":"https:\/\/www.biblia.work\/noticias\/trump-y-el-muro-parolin-esperemos-ver-que-hara-por-ahora-demosle-tiempo\/","title":{"rendered":"Trump y el muro. Parol\u00edn: \u201cEsperemos ver que har\u00e1. Por ahora d\u00e9mosle tiempo\u201d"},"content":{"rendered":"<p style=\"text-align: justify\">(ZENIT \u2013 Roma)-. El secretario de Estado de la Santa Sede, el cardenal Pietro Parolin, interrogado sobre la elecci\u00f3n del 45\u00b0 presidente de Estados Unidos, Donald Trump, se\u00f1ala posibles puntos de di\u00e1logo con el Vaticano: paz, libertad religiosa, empe\u00f1o de los cat\u00f3licos y tutela de los sectores socialmente d\u00e9biles.<\/p>\n<p style=\"text-align: justify\">\u201cEsperamos ver cu\u00e1les ser\u00e1n las decisiones que Donald Trump har\u00e1 durante su mandato. D\u00e9mosle el tiempo de iniciar\u201d. As\u00ed el cardenal Parolin responde a los periodistas que le recuedan el proyecto del nuevo presidente de construir un muro que divida la frontera con M\u00e9xico para detene\u00a0la creciente inmigraci\u00f3n clandestina, indicada por el mandatario electo como \u201cuna lacra de la sociedad estadounidense\u201d.<\/p>\n<p style=\"text-align: justify\">Lo indic\u00f3\u00a0hoy\u00a0jueves\u00a0el purpurado, en la Curia general de los jesuitas, despu\u00e9s de la presentaci\u00f3n del libro \u201cEn tus ojos est\u00e1 mi palabra\u201d que contiene las homil\u00edas y discursos del Papa entre 1999 y el 2013.<\/p>\n<p style=\"text-align: justify\">\u201cEl papa Francisco en el vuelo de regreso de M\u00e9xico, en febrero de 2016 dijo: \u201cUna persona que piensa construir muros, sea quien sea y no construir puentes, no es cristiano. Esto no est\u00e1 en el Evangelio\u201d.<\/p>\n<p style=\"text-align: justify\">\u201cNo me intromento &#8211;declar\u00f3 el Papa en esa ocasi\u00f3n&#8211; pero digo que este hombre no es cristiano si dice estas cosas. Es necesario saber si las dijo as\u00ed o no. Sobre esto cuenta con\u00a0el beneficio de la duda\u201d.<\/p>\n<p style=\"text-align: justify\">Refiri\u00e9ndose a lo que\u00a0dijo el Santo Padre, se\u00f1al\u00f3 el purpurado, \u201csobre este principio estamos todos de acuerdo\u201d y a\u00f1adi\u00f3 \u201centretanto esperemos. Ahora se trata de ve cu\u00e1les ser\u00e1n las decisiones que har\u00e1 durante su mandato. Al menos d\u00e9mosle algunos d\u00edas&#8230; debemos darle el tiempo de iniciar\u201d.<\/p>\n<p style=\"text-align: justify\">El secretario de Estado reiter\u00f3 adem\u00e1s lo que dijo ayer en la Lateranense sobre la victoria inesperada de Trump: \u201cDeseamos que esta elecci\u00f3n, sobre la cual se expresaron consideraciones positivas pero tambi\u00e9n temores, pueda ayudar a la paz. Hoy es necesario esto. Es necesario que la dirigencia estadounidense se empe\u00f1e cada vez m\u00e1s en buscar el di\u00e1logo y negociar para resolver tantos conflictos que est\u00e1n lacerando el mundo\u201d.<\/p>\n<p style=\"text-align: justify\">Para el cardenal puede haber puntos de di\u00e1logo con el Vaticano, iniciando por el de la paz \u201cque deber\u00eda ser uno de los temas fundamentales\u201d. Despu\u00e9s \u201cla libertad religiosa, el empe\u00f1o de los cat\u00f3licos y la tutela de los sectores socialmente d\u00e9biles\u201d.<\/p>\n<p style=\"text-align: justify\">Sobre las relaciones con China el cardenal asegura: \u201cEstamos trabajando. Esperamos que llegue aquel d\u00eda, pero los tiempos no puedo preverlos\u201d.<\/p>\n<p><span class=\"et_bloom_bottom_trigger\"><\/span><\/p>\n<p><a href=\"https:\/\/es.zenit.org\/\" target=\"_blank\" rel=\"nofollow\">Fuente: es.zenit.org<\/a><\/p>\n","protected":false},"excerpt":{"rendered":"<p>(ZENIT \u2013 Roma)-. El secretario de Estado de la Santa Sede, el cardenal Pietro Parolin, interrogado sobre la elecci\u00f3n del 45\u00b0 presidente de Estados Unidos, Donald Trump, se\u00f1ala posibles puntos de di\u00e1logo con el Vaticano: paz, libertad religiosa, empe\u00f1o de los cat\u00f3licos y tutela de los sectores socialmente d\u00e9biles. \u201cEsperamos ver cu\u00e1les ser\u00e1n las decisiones &hellip; <a href=\"https:\/\/www.biblia.work\/noticias\/trump-y-el-muro-parolin-esperemos-ver-que-hara-por-ahora-demosle-tiempo\/\" class=\"more-link\">Continuar leyendo<span class=\"screen-reader-text\"> \u00abTrump y el muro. Parol\u00edn: \u201cEsperemos ver que har\u00e1. Por ahora d\u00e9mosle tiempo\u201d\u00bb<\/span><\/a><\/p>\n","protected":false},"author":1,"featured_media":0,"comment_status":"open","ping_status":"closed","sticky":false,"template":"","format":"standard","meta":{"footnotes":""},"categories":[1],"tags":[],"class_list":["post-8752","post","type-post","status-publish","format-standard","hentry","category-general"],"_links":{"self":[{"href":"https:\/\/www.biblia.work\/noticias\/wp-json\/wp\/v2\/posts\/8752","targetHints":{"allow":["GET"]}}],"collection":[{"href":"https:\/\/www.biblia.work\/noticias\/wp-json\/wp\/v2\/posts"}],"about":[{"href":"https:\/\/www.biblia.work\/noticias\/wp-json\/wp\/v2\/types\/post"}],"author":[{"embeddable":true,"href":"https:\/\/www.biblia.work\/noticias\/wp-json\/wp\/v2\/users\/1"}],"replies":[{"embeddable":true,"href":"https:\/\/www.biblia.work\/noticias\/wp-json\/wp\/v2\/comments?post=8752"}],"version-history":[{"count":0,"href":"https:\/\/www.biblia.work\/noticias\/wp-json\/wp\/v2\/posts\/8752\/revisions"}],"wp:attachment":[{"href":"https:\/\/www.biblia.work\/noticias\/wp-json\/wp\/v2\/media?parent=8752"}],"wp:term":[{"taxonomy":"category","embeddable":true,"href":"https:\/\/www.biblia.work\/noticias\/wp-json\/wp\/v2\/categories?post=8752"},{"taxonomy":"post_tag","embeddable":true,"href":"https:\/\/www.biblia.work\/noticias\/wp-json\/wp\/v2\/tags?post=8752"}],"curies":[{"name":"wp","href":"https:\/\/api.w.org\/{rel}","templated":true}]}}