{"id":8760,"date":"2016-11-10T19:05:03","date_gmt":"2016-11-11T00:05:03","guid":{"rendered":"http:\/\/www.biblia.work\/noticias\/era-protestante-se-convirtio-por-san-juan-pablo-ii-y-ahora-es-obispo-catolico\/"},"modified":"2016-11-10T19:05:03","modified_gmt":"2016-11-11T00:05:03","slug":"era-protestante-se-convirtio-por-san-juan-pablo-ii-y-ahora-es-obispo-catolico","status":"publish","type":"post","link":"https:\/\/www.biblia.work\/noticias\/era-protestante-se-convirtio-por-san-juan-pablo-ii-y-ahora-es-obispo-catolico\/","title":{"rendered":"Era protestante, se convirti\u00f3 por San Juan Pablo II y ahora es obispo cat\u00f3lico"},"content":{"rendered":"<p> PAR\u00cdS, 10 Nov. 16 (ACI).-<br \/>\n\tUno de los obispos de Francia que m&aacute;s recientemente han sido ordenados es Mons. Didier Berthet, quien cont&oacute; su historia sobre c&oacute;mo se convirti&oacute; del calvinismo a la Iglesia Cat&oacute;lica gracias a San Juan Pablo II, tras su visita apost&oacute;lica al pa&iacute;s europeo en 1980. Esta es su historia.<\/p>\n<p style=\"text-align: justify\">\n\t\tOrdination dimanche 4 septembre &agrave; Epinal de Mgr Didier Berthet, 17&egrave;me &eacute;v&ecirc;que du dioc&egrave;se de Saint-Di&eacute; pic.twitter.com\/Attczun90V<\/p>\n<p>\t&mdash; ab88@laposte.net (@blidericus) 4 de septiembre de 2016<\/p>\n<p style=\"text-align: justify\">\n\tEn una entrevista concedida a la Conferencia Episcopal de Francia durante la asamblea plenaria de los obispos de ese pa&iacute;s en Lourdes, Mons. Berthet indic&oacute; que si bien fue bautizado y formado en la Iglesia calvinista, en su adolescencia asisti&oacute; a un colegio cat&oacute;lico.<\/p>\n<p style=\"text-align: justify\">\n\tCuando lleg&oacute; a la juventud, los pastores calvinistas quer&iacute;an que se convirtiera en uno de ellos, pero &eacute;l estaba en medio de un cuestionamiento sobre qu&eacute; era exactamente la Iglesia.<\/p>\n<p style=\"text-align: justify\">\n\t&ldquo;Yo era de la Iglesia francesa de tradici&oacute;n calvinista, pero hab&iacute;a entrado poco a poco en contacto con la Iglesia Cat&oacute;lica. As&iacute; que intentaba comprenderla&rdquo;, coment&oacute;.<\/p>\n<p style=\"text-align: justify\">\n\tEn la visita apost&oacute;lica del Papa Juan Pablo II a Francia en 1980, particip&oacute; en el encuentro con los j&oacute;venes.&ldquo; Fue la ocasi&oacute;n de un doble impacto. Vi verdaderamente el misterio de la Iglesia, y al Papa como sucesor de Pedro. Su persona fue la garant&iacute;a de una Iglesia que tiene or&iacute;genes y de una Iglesia universal&rdquo;.<\/p>\n<p style=\"text-align: justify\">\n\tLa segunda cosa que lo impact&oacute; &ldquo;fue la personalidad radiante de Juan Pablo II, sacerdote, obispo. &Eacute;l me hizo entrar en la Iglesia Cat&oacute;lica y hacerme sacerdote&rdquo;.<\/p>\n<p style=\"text-align: justify\">\n\tA inicios de la d&eacute;cada de los 80&#039;s se convirti&oacute; al catolicismo cuando ten&iacute;a 20 a&ntilde;os, mientras estudiaba en el Instituto de Estudios Pol&iacute;ticos de Par&iacute;s: &ldquo;en una celebraci&oacute;n hice mi profesi&oacute;n de fe, mi confirmaci&oacute;n y fui admitido oficialmente a la Eucarist&iacute;a&rdquo;.<\/p>\n<p style=\"text-align: justify\">\n\tEl 27 de junio de 1992 fue ordenado sacerdote cuando ten&iacute;a 30 a&ntilde;os. El Prelado indic&oacute; que ser sacerdote no es lo mismo que ser un pastor.&ldquo;El sacerdote est&aacute; llamado a dar toda su vida, a trav&eacute;s del celibato para consagrarse plenamente a su misi&oacute;n sacerdotal y apost&oacute;lica&rdquo;.<\/p>\n<p style=\"text-align: justify\">\n\tDespu&eacute;s de casi 24 a&ntilde;os de servicio sacerdotal, el Papa Francisco lo nombr&oacute; Obispo de Saint-Di&eacute; el pasado 15 de junio y recibi&oacute; la ordenaci&oacute;n episcopal el 4 de septiembre de 2016.<\/p>\n<p style=\"text-align: justify\">\n\tEl desaf&iacute;o por las vocaciones sacerdotales<\/p>\n<p style=\"text-align: justify\">\n\tEl Prelado dijo que en su di&oacute;cesis hay &ldquo;una pobreza radical de vocaciones sacerdotales y religiosas&rdquo; ya que la &uacute;ltima ordenaci&oacute;n fue hace 13 a&ntilde;os. Sin embargo, esta realidad no lo desanima sino que es un motivo para &ldquo;suscitar el llamado, retransmitirlo y comunicarlo a los j&oacute;venes. Nadie sabe cu&aacute;ntos sacerdotes necesitamos&rdquo;.<\/p>\n<p style=\"text-align: justify\">\n\t&ldquo;Mi propia experiencia -y la de los otros- es que la vida del sacerdote es apasionante y est&aacute; llena de sentido. Es un privilegio, si se ve desde la fe: ser llamado por Jes&uacute;s y la Iglesia a ser sacerdote, a representar -a hacerlo presente- al que conduce la Iglesia, que la santifica por los sacramentos&rdquo;, expres&oacute; el Obispo.<\/p>\n<p style=\"text-align: justify\">\n\tMons. Berther manifest&oacute; que su deseo es que &ldquo;un cierto n&uacute;mero de j&oacute;venes puedan responder a este llamado con confianza&rdquo;.<\/p>\n<p style=\"text-align: justify\">\n\tEl Obispo de Saint-Di&eacute; coment&oacute; que en los &uacute;ltimos a&ntilde;os ha hecho seguimiento a varios grupos de j&oacute;venes sacerdotes y que vio en ellos a &ldquo;hombres contentos que no sin dificultades cargan la Cruz que est&aacute; plantada en la vida de cada cristiano. Esta es su vocaci&oacute;n&rdquo;.<\/p>\n<p style=\"text-align: justify\">\n\tTambi&eacute;n te puede interesar:<\/p>\n<p style=\"text-align: justify\">\n\t\tL&iacute;der cristiano baleado en Siria: Comparto la cruz de muchos que sufren https:\/\/t.co\/qlROrnJaiu<\/p>\n<p>\t&mdash; ACI Prensa (@aciprensa) 10 de noviembre de 2016<\/p>\n","protected":false},"excerpt":{"rendered":"<p>PAR\u00cdS, 10 Nov. 16 (ACI).- Uno de los obispos de Francia que m&aacute;s recientemente han sido ordenados es Mons. Didier Berthet, quien cont&oacute; su historia sobre c&oacute;mo se convirti&oacute; del calvinismo a la Iglesia Cat&oacute;lica gracias a San Juan Pablo II, tras su visita apost&oacute;lica al pa&iacute;s europeo en 1980. Esta es su historia. Ordination &hellip; <a href=\"https:\/\/www.biblia.work\/noticias\/era-protestante-se-convirtio-por-san-juan-pablo-ii-y-ahora-es-obispo-catolico\/\" class=\"more-link\">Continuar leyendo<span class=\"screen-reader-text\"> \u00abEra protestante, se convirti\u00f3 por San Juan Pablo II y ahora es obispo cat\u00f3lico\u00bb<\/span><\/a><\/p>\n","protected":false},"author":1,"featured_media":0,"comment_status":"open","ping_status":"closed","sticky":false,"template":"","format":"standard","meta":{"footnotes":""},"categories":[1],"tags":[],"class_list":["post-8760","post","type-post","status-publish","format-standard","hentry","category-general"],"_links":{"self":[{"href":"https:\/\/www.biblia.work\/noticias\/wp-json\/wp\/v2\/posts\/8760","targetHints":{"allow":["GET"]}}],"collection":[{"href":"https:\/\/www.biblia.work\/noticias\/wp-json\/wp\/v2\/posts"}],"about":[{"href":"https:\/\/www.biblia.work\/noticias\/wp-json\/wp\/v2\/types\/post"}],"author":[{"embeddable":true,"href":"https:\/\/www.biblia.work\/noticias\/wp-json\/wp\/v2\/users\/1"}],"replies":[{"embeddable":true,"href":"https:\/\/www.biblia.work\/noticias\/wp-json\/wp\/v2\/comments?post=8760"}],"version-history":[{"count":0,"href":"https:\/\/www.biblia.work\/noticias\/wp-json\/wp\/v2\/posts\/8760\/revisions"}],"wp:attachment":[{"href":"https:\/\/www.biblia.work\/noticias\/wp-json\/wp\/v2\/media?parent=8760"}],"wp:term":[{"taxonomy":"category","embeddable":true,"href":"https:\/\/www.biblia.work\/noticias\/wp-json\/wp\/v2\/categories?post=8760"},{"taxonomy":"post_tag","embeddable":true,"href":"https:\/\/www.biblia.work\/noticias\/wp-json\/wp\/v2\/tags?post=8760"}],"curies":[{"name":"wp","href":"https:\/\/api.w.org\/{rel}","templated":true}]}}