{"id":8764,"date":"2016-11-11T05:15:02","date_gmt":"2016-11-11T10:15:02","guid":{"rendered":"http:\/\/www.biblia.work\/noticias\/los-focolares-presentan-en-la-unesco-reinventar-la-paz\/"},"modified":"2016-11-11T05:15:02","modified_gmt":"2016-11-11T10:15:02","slug":"los-focolares-presentan-en-la-unesco-reinventar-la-paz","status":"publish","type":"post","link":"https:\/\/www.biblia.work\/noticias\/los-focolares-presentan-en-la-unesco-reinventar-la-paz\/","title":{"rendered":"Los Focolares presentan en la UNESCO \u201cReinventar la paz\u201d"},"content":{"rendered":"<p style=\"text-align: justify\">(ZENIT \u2013 Roma).- Un encuentro entre culturas y religiones con el t\u00edtulo &#8220;Reinventar la paz&#8221;, se realizar\u00e1 el 15 de noviembre en la sede de la UNESCO en Par\u00eds con motivo del 20\u00b0 aniversario del premio &#8220;Por la educaci\u00f3n a la paz&#8221; otorgado a Chiara Lubich.<\/p>\n<p style=\"text-align: justify\">Lo indica en un comunicado la oficina de prensa del movimiento creado por Chiara Lubich, precisando que el encuentro se realiza en colaboraci\u00f3n con la Direcci\u00f3n General de la UNESCO y el observador permanente de la Santa Sede.<\/p>\n<p style=\"text-align: justify\">El evento ser\u00e1 presentado por Marco Desalvo, presidente de <em>New Humanity<\/em> (la ONG del Movimiento de los Focolares en las Naciones Unidas) y por un representante de la UNESCO.<\/p>\n<p style=\"text-align: justify\">Seguir\u00e1n los saludos de monse\u00f1or Francesco Follo, observador permanente de la Santa Sede y la contribuci\u00f3n de Jes\u00fas Mor\u00e1n, co-presidente del Movimiento de los Focolares. La sesi\u00f3n concluir\u00e1 con la intervenci\u00f3n de Mar\u00eda Voce, que desarrollar\u00e1 el tema: &#8220;Reinventar la paz&#8221;.<\/p>\n<p style=\"text-align: justify\">La segunda sesi\u00f3n de la ma\u00f1ana, acompa\u00f1ada con contenidos multimedia, ser\u00e1 interdisciplinaria e intergeneracional. Comenzando con testimonios concretos en favor de la unidad y la paz se indicar\u00e1n pistas operativas en cinco breves paneles: <em>Peace is Education<\/em>; <em>Peace is an Asset<\/em>; <em>Peace is Right;<\/em> <em>Peace is Green<\/em>; <em>Peace is Art<\/em>.<\/p>\n<p style=\"text-align: justify\">La sesi\u00f3n de la tarde contendr\u00e1 la conferencia: &#8220;\u00bfQu\u00e9 tipo de di\u00e1logo en un mundo dividido?&#8221;, abierta por el presidente del Instituto Jacques Delors, Enrico Letta, y se centrar\u00e1 en algunas ideas clave, sobre las cuales basar un proyecto de nuevo humanismo en el camino hacia la civilizaci\u00f3n de la unidad.<\/p>\n<p style=\"text-align: justify\">Hay adem\u00e1s dos temas sobre los cuales se dialogar\u00e1. El primero: &#8220;Religiones: \u00bfproblema o recurso para la paz?&#8221;, moderado por Rita Moussallem, co-responsable del Centro para el Di\u00e1logo Interreligioso de los Focolares, y tendr\u00e1 como ponentes a Adnane Ben Abdelmajid Mokrani, del Pontificio Instituto de Estudios \u00c1rabes; a Fabio Petito, experto de relaciones internacionales en la Universidad de Sussex, Reino Unido; a L\u00e9once Bekemans, economista y especialista en Estudios Europeos de la &#8220;C\u00e1tedra Jean Monnet&#8221;.<\/p>\n<p style=\"text-align: justify\">El segundo tema es: &#8220;Pol\u00edtica y econom\u00eda en el desorden internacional&#8221;, moderado por P\u00e1l T\u00f3th, del Instituto Universitario Sophia, con los ponentes Pasquale Ferrara, embajador de Italia en Argelia; Silvia Costa, presidente de la Comisi\u00f3n de Cultura del Parlamento Europeo; y Damien Kattar, ex ministro de Finanzas del L\u00edbano.<\/p>\n<p style=\"text-align: justify\">El encuentro cotidiano entre culturas y religiones, seg\u00fan las palabras pronunciadas en la ONU en abril de 2015 por la presidente de los Focolares Mar\u00eda Voce, \u201cno se limita a la tolerancia o al simple reconocimiento de la diversidad\u201d, sino que \u201cva m\u00e1s all\u00e1 incluso de la fundamental reconciliaci\u00f3n, y crea, por as\u00ed decirlo, una nueva identidad, m\u00e1s amplia, com\u00fan y compartida\u201d.<\/p>\n<p style=\"text-align: justify\">Y a\u00f1adi\u00f3: \u201choy no es el momento para medias tintas. Si hay violencia extremista, a esto (&#8230;) se responde con la misma radicalidad, pero de manera estructuralmente diferente, es decir, con \u00a1el extremismo del di\u00e1logo! Un di\u00e1logo que requiere la m\u00e1xima participaci\u00f3n, que es arriesgado, exigente, desafiante, que apunta a cortar las ra\u00edces de la incomprensi\u00f3n, el miedo y el resentimiento\u201d.<\/p>\n<p style=\"text-align: justify\">El congreso se\u00a0podr\u00e1 seguir online, de 10-13 y 15-18 (hora italiana), en <a target=\"_blank\" rel=\"nofollow\" href=\"http:\/\/live.focolare.org\/unesco\">http:\/\/live.focolare.org\/unesco<\/a><\/p>\n<p><span class=\"et_bloom_bottom_trigger\"><\/span><\/p>\n<p><a href=\"https:\/\/es.zenit.org\/\" target=\"_blank\" rel=\"nofollow\">Fuente: es.zenit.org<\/a><\/p>\n","protected":false},"excerpt":{"rendered":"<p>(ZENIT \u2013 Roma).- Un encuentro entre culturas y religiones con el t\u00edtulo &#8220;Reinventar la paz&#8221;, se realizar\u00e1 el 15 de noviembre en la sede de la UNESCO en Par\u00eds con motivo del 20\u00b0 aniversario del premio &#8220;Por la educaci\u00f3n a la paz&#8221; otorgado a Chiara Lubich. Lo indica en un comunicado la oficina de prensa &hellip; <a href=\"https:\/\/www.biblia.work\/noticias\/los-focolares-presentan-en-la-unesco-reinventar-la-paz\/\" class=\"more-link\">Continuar leyendo<span class=\"screen-reader-text\"> \u00abLos Focolares presentan en la UNESCO \u201cReinventar la paz\u201d\u00bb<\/span><\/a><\/p>\n","protected":false},"author":1,"featured_media":0,"comment_status":"open","ping_status":"closed","sticky":false,"template":"","format":"standard","meta":{"footnotes":""},"categories":[1],"tags":[],"class_list":["post-8764","post","type-post","status-publish","format-standard","hentry","category-general"],"_links":{"self":[{"href":"https:\/\/www.biblia.work\/noticias\/wp-json\/wp\/v2\/posts\/8764","targetHints":{"allow":["GET"]}}],"collection":[{"href":"https:\/\/www.biblia.work\/noticias\/wp-json\/wp\/v2\/posts"}],"about":[{"href":"https:\/\/www.biblia.work\/noticias\/wp-json\/wp\/v2\/types\/post"}],"author":[{"embeddable":true,"href":"https:\/\/www.biblia.work\/noticias\/wp-json\/wp\/v2\/users\/1"}],"replies":[{"embeddable":true,"href":"https:\/\/www.biblia.work\/noticias\/wp-json\/wp\/v2\/comments?post=8764"}],"version-history":[{"count":0,"href":"https:\/\/www.biblia.work\/noticias\/wp-json\/wp\/v2\/posts\/8764\/revisions"}],"wp:attachment":[{"href":"https:\/\/www.biblia.work\/noticias\/wp-json\/wp\/v2\/media?parent=8764"}],"wp:term":[{"taxonomy":"category","embeddable":true,"href":"https:\/\/www.biblia.work\/noticias\/wp-json\/wp\/v2\/categories?post=8764"},{"taxonomy":"post_tag","embeddable":true,"href":"https:\/\/www.biblia.work\/noticias\/wp-json\/wp\/v2\/tags?post=8764"}],"curies":[{"name":"wp","href":"https:\/\/api.w.org\/{rel}","templated":true}]}}