{"id":8888,"date":"2016-11-15T10:15:02","date_gmt":"2016-11-15T15:15:02","guid":{"rendered":"http:\/\/www.biblia.work\/noticias\/la-santa-sede-denuncia-la-trata-en-el-mensaje-de-la-jornada-mundial-de-la-pesca\/"},"modified":"2016-11-15T10:15:02","modified_gmt":"2016-11-15T15:15:02","slug":"la-santa-sede-denuncia-la-trata-en-el-mensaje-de-la-jornada-mundial-de-la-pesca","status":"publish","type":"post","link":"https:\/\/www.biblia.work\/noticias\/la-santa-sede-denuncia-la-trata-en-el-mensaje-de-la-jornada-mundial-de-la-pesca\/","title":{"rendered":"La Santa Sede denuncia la trata en el Mensaje de la Jornada mundial de la Pesca"},"content":{"rendered":"<p style=\"text-align: justify\"><span lang=\"es-ES\">(ZENIT \u2013 Ciudad del Vaticano).- Pontificio Consejo para la Pastoral <\/span>de los Migrantes e Itinerantes present\u00f3 hoy el <span lang=\"es-ES\">Mensaje para la Jornada Mundial de la Pesca que se celebra el <\/span>21 de noviembre de 2016.<\/p>\n<p style=\"text-align: justify\"><span lang=\"es-ES\">El mensaje despu\u00e9s de se\u00f1alar que Papa Francisco en su Carta Enc\u00edclica Laudato S\u00ec menciona algunas de las amenazas que afectan y destruyen los recursos naturales marinos, indica que se aguarda con esperanza la aplicaci\u00f3n del Acuerdo sobre Medidas del Estado Rector del Puerto Destinadas a Prevenir, Desalentar y Eliminar la Pesca Ilegal, No Declarada y No Reglamentada, adoptado por la FAO como Acuerdo en 2009. <\/span><\/p>\n<p style=\"text-align: justify\">Denuncia adem\u00e1s que\u00a0en la industria pesquera hay cientos de miles de migrantes internos\u00a0y\u00a0transnacionales que son objeto de contrabando o trata, para realizar trabajos forzados a bordo de buques pesqueros.<\/p>\n<p style=\"text-align: justify\">El dicasterio hace tambi\u00e9n un <span lang=\"es-ES\">llamamiento a los Gobiernos para que ratifiquen el Convenio sobre el trabajo en la pesca, 2007, al fin de crear un entorno laboral seguro a bordo de los buques pesqueros y mejores disposiciones de bienestar para los pescadores.<\/span><\/p>\n<p style=\"text-align: justify\">&nbsp;<\/p>\n<p style=\"text-align: justify\"><strong>A continuaci\u00f3n el texto completo<\/strong><\/p>\n<p style=\"text-align: justify\"><span lang=\"es-ES\"> Desde 1998, la Jornada Mundial de la Pesca se celebra cada a\u00f1o el 21 de noviembre para resaltar la importancia de conservar el oc\u00e9ano y la vida marina que proporciona alimento a miles de millones de seres humanos y oportunidades de empleo a m\u00e1s de 50 millones de personas en todo el mundo.<\/span><\/p>\n<p style=\"text-align: justify\"><span lang=\"es-ES\">El Papa Francisco en su Carta Enc\u00edclica Laudato S\u00ec menciona algunas de las amenazas que afectan y destruyen los recursos naturales marinos: \u201cMuchas de las barreras de coral del mundo hoy ya son est\u00e9riles o est\u00e1n en un continuo estado de declinaci\u00f3n: \u00ab\u00bfQui\u00e9n ha convertido el maravilloso mundo marino en cementerios subacu\u00e1ticos despojados de vida y de color? <a class=\"sdfootnoteanc\" href=\"#sdfootnote1sym\" name=\"sdfootnote1anc\"><sup>1<\/sup><\/a>\u00bb.<\/p>\n<p style=\"text-align: justify\">Este fen\u00f3meno se debe en gran parte a la contaminaci\u00f3n que llega al mar como resultado de la deforestaci\u00f3n, de los monocultivos agr\u00edcolas, de los vertidos industriales y de m\u00e9todos destructivos de pesca, especialmente los que utilizan cianuro y dinamita\u201d (n. 41). Puesto que se trata de un patrimonio com\u00fan de la humanidad, el Papa Francisco llama a todos a: \u201c&#8230; colaborar como instrumentos de Dios para el cuidado de la creaci\u00f3n, cada uno desde su cultura, su experiencia, sus iniciativas y sus capacidades\u201d (n. 14).<\/span><\/p>\n<p style=\"text-align: justify\"><span lang=\"es-ES\"> Por esta raz\u00f3n, apreciamos y aguardamos con esperanza la aplicaci\u00f3n del Acuerdo sobre Medidas del Estado Rector del Puerto Destinadas a Prevenir, Desalentar y Eliminar la Pesca Ilegal, No Declarada y No Reglamentada, adoptado por la FAO como Acuerdo en 2009. Despu\u00e9s de varios a\u00f1os de esfuerzos diplom\u00e1ticos finalmente entr\u00f3 en vigor el pasado 5 de junio y en la actualidad es jur\u00eddicamente vinculante para los 29 pa\u00edses y \u00fanica organizaci\u00f3n regional que lo firmaron<a class=\"sdfootnoteanc\" href=\"#sdfootnote2sym\" name=\"sdfootnote2anc\"><sup>2<\/sup><\/a>.<\/p>\n<p style=\"text-align: justify\">Mediante la adopci\u00f3n y la ejecuci\u00f3n de las medidas eficaces del Estado rector del puerto, dicho Acuerdo es el primer tratado internacional vinculante que pretende prevenir, desalentar y eliminar la pesca ilegal, no declarada y no reglamentada (INDNR), un importante problema medioambiental que genera enormes da\u00f1os econ\u00f3micos y representa una amenaza para la seguridad alimentaria en muchos pa\u00edses<\/span><span lang=\"es-ES\"><a class=\"sdfootnoteanc\" href=\"#sdfootnote3sym\" name=\"sdfootnote3anc\"><sup>3<\/sup><\/a><\/span><span lang=\"es-ES\">.<\/span><\/p>\n<p style=\"text-align: justify\"><span lang=\"es-ES\"> Sin embargo, nuestra preocupaci\u00f3n no concierne \u00fanicamente los recursos marinos. La industria pesquera ha sido ampliamente reconocida como una de las m\u00e1s peligrosas debido a la frecuencia con que se registran accidentes laborales y al elevado \u00edndice de mortalidad. En esta Jornada Mundial de la Pesca queremos llamar la atenci\u00f3n tambi\u00e9n sobre los muchos pescadores que se encuentran en situaci\u00f3n de explotaci\u00f3n y abusos.<\/span><\/p>\n<p style=\"text-align: justify\"><span lang=\"es-ES\"> Lamentablemente se desconoce la tr\u00e1gica realidad de que en la industria pesquera hay cientos de miles de migrantes internos\/transnacionales que son objeto de contrabando\/trata para realizar trabajos forzados a bordo de buques pesqueros.<\/span><\/p>\n<p style=\"text-align: justify\"><span lang=\"es-ES\"> Esto es favorecido por una red de organizaciones criminales e individuos que explotan a personas que provienen de una situaci\u00f3n de pobreza y que buscan desesperadamente un empleo que les ayude a romper el c\u00edrculo de la miseria. Sin embargo, terminan en una situaci\u00f3n de trata de seres humanos, de servidumbre por deudas y de esclavitud a menudo sin una salida. De hecho, los buques pesqueros permanecen en el mar durante largos per\u00edodos de tiempo (desde algunos meses hasta varios a\u00f1os) y para las v\u00edctimas de estos cr\u00edmenes es dif\u00edcil, por no decir imposible, denunciar estas situaciones.<\/span><\/p>\n<p style=\"text-align: justify\"><span lang=\"es-ES\"> En respuesta al llamamiento del Papa Francisco: \u201cLa trata de personas es un crimen contra la humanidad. Debemos unir las fuerzas para liberar a las v\u00edctimas y para detener este crimen cada vez m\u00e1s agresivo, que amenaza, adem\u00e1s de las personas, los valores fundamentales de la sociedad y tambi\u00e9n la seguridad y la justicia internacionales, adem\u00e1s de la econom\u00eda, el tejido familiar y la vida social misma\u201d <a class=\"sdfootnoteanc\" href=\"#sdfootnote4sym\" name=\"sdfootnote4anc\"><sup>4<\/sup><\/a>, como Iglesia Cat\u00f3lica queremos renovar nuestro llamamiento a los Gobiernos para que ratifiquen el Convenio sobre el trabajo en la pesca, 2007 (OIT, n\u00fam. 188), al fin de crear un entorno laboral seguro a bordo de los buques pesqueros y mejores disposiciones de bienestar para los pescadores. <\/span><\/p>\n<p style=\"text-align: justify\"><span lang=\"es-ES\">A partir de octubre de 2016 el Convenio ha sido ratificado por nueve Estados costeros<a class=\"sdfootnoteanc\" href=\"#sdfootnote5sym\" name=\"sdfootnote5anc\"><sup>5<\/sup><\/a>, y se necesita la ratificaci\u00f3n de un pa\u00eds m\u00e1s para que el Convenio pueda entrar en vigor.<\/span><\/p>\n<p style=\"text-align: justify\"><span lang=\"es-ES\"> A la vez que expresamos nuestro agradecimiento a los capellanes y a los voluntarios del Apostolado del Mar por su dedicaci\u00f3n y compromiso, queremos pedirles que vigilen e intensifiquen su presencia en los puertos pesqueros para identificar y rescatar a las v\u00edctimas de la trata de seres humanos. <\/span><\/p>\n<p style=\"text-align: justify\"><span lang=\"es-ES\">Tambi\u00e9n es necesario que el Apostolado del Mar coopere m\u00e1s estrechamente con los l\u00edderes de las comunidades pesqueras para educar y prevenir la trata de personas proporcionando alternativas viables de empleo y de sustento.<\/span><\/p>\n<p style=\"text-align: justify\"><span lang=\"es-ES\"> Que Mar\u00eda Stella Maris siga siendo la fuente de fortaleza y protecci\u00f3n para todos los pescadores y sus familias.<\/span><\/p>\n<p style=\"text-align: justify\">Card. Antonio Maria Vegli\u00f2<br \/>\nPresidente<\/p>\n<p style=\"text-align: justify\">Gabriele Bentoglio, cs<br \/>\n<span lang=\"es-ES\">Subsecretario<\/p>\n<p style=\"text-align: justify\"><\/span><\/p>\n<div id=\"sdfootnote1\">\n<p class=\"sdfootnote\" align=\"JUSTIFY\"><a class=\"sdfootnotesym\" href=\"#sdfootnote1anc\" name=\"sdfootnote1sym\">1<\/a> <span style=\"color: #000000\"><span style=\"font-family: 'Palatino Linotype', serif\"><span style=\"font-size: small\"><span lang=\"en-GB\">Conferencia Episcopal de Filipinas, Carta Pastoral <\/span><\/span><\/span><\/span><span style=\"color: #000000\"><span style=\"font-family: 'Palatino Linotype', serif\"><span style=\"font-size: small\"><span lang=\"en-GB\"><i>What is Happening to our Beautiful Land? <\/i><\/span><\/span><\/span><\/span><span style=\"color: #000000\"><span style=\"font-family: 'Palatino Linotype', serif\"><span style=\"font-size: small\"><span lang=\"es-ES\">(29 de enero de 1988).<br \/>\n<\/span><\/span><\/span><\/span><a class=\"sdfootnotesym\" href=\"#sdfootnote2anc\" name=\"sdfootnote2sym\">2<\/a><span style=\"font-family: 'Palatino Linotype', serif\"><span style=\"font-size: small\"><span lang=\"es-ES\"> Australia, Barbados, Chile, Costa Rica, Cuba, Dominica, la Uni\u00f3n Europea (como organizaci\u00f3n miembro), Gab\u00f3n, Guinea, Guyana, Islandia, Isla Mauricio, Mozambique, Myanmar, Nueva Zelanda, Noruega, Om\u00e1n, Palau, Republica de Corea, Saint Kitts and Nevis, Seychelles, Somalia, Sud\u00e1frica, Sri Lanka, Sud\u00e1n, Tailandia, Tonga, los Estados Unidos de Am\u00e9rica, Uruguay y Vanuatu.<br \/>\n<\/span><\/span><\/span><a class=\"sdfootnotesym\" href=\"#sdfootnote3anc\" name=\"sdfootnote3sym\">3<\/a> <span style=\"font-family: 'Palatino Linotype', serif\"><span style=\"font-size: small\"><span lang=\"es-ES\">La pesca ilegal puede representar hasta 26 millones de toneladas de pescado al a\u00f1o o m\u00e1s del 15 por ciento del total de la pesca registrada anualmente en todo el mundo.<br \/>\n<\/span><\/span><\/span><a class=\"sdfootnotesym\" href=\"#sdfootnote4anc\" name=\"sdfootnote4sym\">4<\/a><span style=\"font-family: 'Palatino Linotype', serif\"><span style=\"font-size: small\"><span lang=\"es-ES\"> Discurso del Santo Padre Francisco a un grupo de nuevos embajadores con motivo de la presentaci\u00f3n de sus cartas credenciales (12 de diciembre de 2013).<br \/>\n<\/span><\/span><\/span><a class=\"sdfootnotesym\" href=\"#sdfootnote5anc\" name=\"sdfootnote5sym\">5<\/a><span style=\"font-family: 'Palatino Linotype', serif\"><span style=\"font-size: small\"><span lang=\"es-ES\"> Angola, Argentina, Bosnia y Herzegovina, Congo, Estonia, Francia, Marruecos, Noruega, Sud\u00e1frica.<\/span><\/span><\/span><\/p>\n<\/div>\n<p><span class=\"et_bloom_bottom_trigger\"><\/span><\/p>\n<p><a href=\"https:\/\/es.zenit.org\/\" target=\"_blank\" rel=\"nofollow\">Fuente: es.zenit.org<\/a><\/p>\n","protected":false},"excerpt":{"rendered":"<p>(ZENIT \u2013 Ciudad del Vaticano).- Pontificio Consejo para la Pastoral de los Migrantes e Itinerantes present\u00f3 hoy el Mensaje para la Jornada Mundial de la Pesca que se celebra el 21 de noviembre de 2016. El mensaje despu\u00e9s de se\u00f1alar que Papa Francisco en su Carta Enc\u00edclica Laudato S\u00ec menciona algunas de las amenazas que &hellip; <a href=\"https:\/\/www.biblia.work\/noticias\/la-santa-sede-denuncia-la-trata-en-el-mensaje-de-la-jornada-mundial-de-la-pesca\/\" class=\"more-link\">Continuar leyendo<span class=\"screen-reader-text\"> \u00abLa Santa Sede denuncia la trata en el Mensaje de la Jornada mundial de la Pesca\u00bb<\/span><\/a><\/p>\n","protected":false},"author":1,"featured_media":0,"comment_status":"open","ping_status":"closed","sticky":false,"template":"","format":"standard","meta":{"footnotes":""},"categories":[1],"tags":[],"class_list":["post-8888","post","type-post","status-publish","format-standard","hentry","category-general"],"_links":{"self":[{"href":"https:\/\/www.biblia.work\/noticias\/wp-json\/wp\/v2\/posts\/8888","targetHints":{"allow":["GET"]}}],"collection":[{"href":"https:\/\/www.biblia.work\/noticias\/wp-json\/wp\/v2\/posts"}],"about":[{"href":"https:\/\/www.biblia.work\/noticias\/wp-json\/wp\/v2\/types\/post"}],"author":[{"embeddable":true,"href":"https:\/\/www.biblia.work\/noticias\/wp-json\/wp\/v2\/users\/1"}],"replies":[{"embeddable":true,"href":"https:\/\/www.biblia.work\/noticias\/wp-json\/wp\/v2\/comments?post=8888"}],"version-history":[{"count":0,"href":"https:\/\/www.biblia.work\/noticias\/wp-json\/wp\/v2\/posts\/8888\/revisions"}],"wp:attachment":[{"href":"https:\/\/www.biblia.work\/noticias\/wp-json\/wp\/v2\/media?parent=8888"}],"wp:term":[{"taxonomy":"category","embeddable":true,"href":"https:\/\/www.biblia.work\/noticias\/wp-json\/wp\/v2\/categories?post=8888"},{"taxonomy":"post_tag","embeddable":true,"href":"https:\/\/www.biblia.work\/noticias\/wp-json\/wp\/v2\/tags?post=8888"}],"curies":[{"name":"wp","href":"https:\/\/api.w.org\/{rel}","templated":true}]}}