{"id":8893,"date":"2016-11-15T11:10:03","date_gmt":"2016-11-15T16:10:03","guid":{"rendered":"http:\/\/www.biblia.work\/noticias\/turquia-quiere-ampliar-territorio-y-podria-invadir-israel\/"},"modified":"2016-11-15T11:10:03","modified_gmt":"2016-11-15T16:10:03","slug":"turquia-quiere-ampliar-territorio-y-podria-invadir-israel","status":"publish","type":"post","link":"https:\/\/www.biblia.work\/noticias\/turquia-quiere-ampliar-territorio-y-podria-invadir-israel\/","title":{"rendered":"Turqu\u00eda quiere \u2018ampliar\u2019 territorio y podr\u00eda invadir Israel"},"content":{"rendered":"<p style=\"text-align: right\">\u00a0\u00a0\u00a0\u00a0\u00a0\u00a0\u00a0\u00a0\u00a0\u00a0\u00a0\u00a0\u00a0\u00a0\u00a0\u00a0\u00a0\u00a0\u00a0\u00a0\u00a0\u00a0\u00a0\u00a0\u00a0\u00a0\u00a0\u00a0\u00a0\u00a0\u00a0\u00a0\u00a0\u00a0\u00a0 N\u00ednro\u00a0 Ru\u00edz Pe\u00f1a<\/p>\n<p style=\"text-align: left\">TURQU\u00cdA. &#8211; El presidente de Turqu\u00eda, Recep Taiyyp Erdogan, volvi\u00f3 a dar se\u00f1ales de que pretende restaurar el poder que su pa\u00eds que ten\u00eda cuando lideraba el Imperio Otomano. Tambi\u00e9n dej\u00f3 claro su intenci\u00f3n de restaurar el califato que existi\u00f3 entre 1299 y 1922 y en su altura dominaba un \u00e1rea que incluye pa\u00edses como Siria e Israel.<\/p>\n<p style=\"text-align: justify\">Durante una ceremonia que marc\u00f3 el aniversario de la muerte del fundador de la Rep\u00fablica de Turqu\u00eda, Erdogan lament\u00f3 que el pa\u00eds no tiene el vasto territorio que domin\u00f3 un d\u00eda. &#8220;No podemos ser prisioneros de 780.000 kil\u00f3metros cuadrados&#8221;, dijo. &#8220;Nuestras fronteras f\u00edsicas son una cosa, pero nuestras fronteras del coraz\u00f3n son otra muy distinta. Nuestros hermanos de la pen\u00ednsula de Crimea, del C\u00e1ucaso, Alepo, Mosul (&#8230;) pueden estar m\u00e1s all\u00e1 de nuestras fronteras f\u00edsicas, pero est\u00e1n dentro de las fronteras de nuestro coraz\u00f3n&#8221;, reiter\u00f3 el mandatario ante una multitud.<\/p>\n<p style=\"text-align: justify\">Esta ideolog\u00eda &#8220;neo-otomana&#8221;, que est\u00e1 enfocada en una administraci\u00f3n centralizada de la figura del presidente, gan\u00f3 fuerza despu\u00e9s del golpe que fracas\u00f3 a principios de este a\u00f1o en Turqu\u00eda.<\/p>\n<p style=\"text-align: justify\">Erdogan defiende la recuperaci\u00f3n de su influencia pol\u00edtica en las regiones que formaban parte del Imperio Otomano (que se extend\u00eda por toda Europa, Asia y Oriente Medio). Estas declaraciones expansionistas han sido comunes cuando el l\u00edder turco, habla acerca de las intervenciones militares en Irak y Siria.<\/p>\n<p style=\"text-align: justify\">Turqu\u00eda se aprovech\u00f3 de la debilidad de los territorios vecinos despu\u00e9s de la guerra con radicales como el Estado Isl\u00e1mico, para atacar las regiones kurdas que revindican como parte de su territorio. Tambi\u00e9n puso soldados a lo largo de la frontera con Irak. El gobierno de Bagdad advirti\u00f3 a Erdogan a no para entrar en el territorio vecino, amenazando con iniciar una guerra turco-iraqu\u00ed.<\/p>\n<p style=\"text-align: justify\">Dado que Turqu\u00eda es parte de la OTAN, el tratado establece que un ataque contra uno de los miembros determina la intervenci\u00f3n de todo el bloque. Esto s\u00f3lo crear\u00eda m\u00e1s un acto de guerra en la complicada situaci\u00f3n que vive el Oriente Medio.<\/p>\n<p style=\"text-align: justify\">Al mismo tiempo, en nombre de la lucha contra el terrorismo, se ha dicho que podr\u00eda tomar parte de Siria que est\u00e1 indefenso actualmente por su ej\u00e9rcito que se concentra en la lucha contra el Estado Isl\u00e1mico en la regi\u00f3n de Raqqa.<\/p>\n<p style=\"text-align: justify\">Como hay tropas turcas y diferentes frentes en Irak y Siria, los analistas creen que una vez que el Estado Isl\u00e1mico sea derrotado, Turqu\u00eda podr\u00eda tratar de ganar estas regiones. En la lista de lugares que ha se\u00f1alado Erdogan est\u00e1n las islas griegas y Chipre, que Turqu\u00eda invadi\u00f3 en 1974.<\/p>\n<p style=\"text-align: justify\"><strong>Reescribiendo la historia<\/strong><\/p>\n<p style=\"text-align: justify\">En un intento por &#8220;recuperar&#8221; el pasado del Imperio Otomano, Erdogan ya ha anunciado planes para reformar la educaci\u00f3n b\u00e1sica, de forma que la historia puede ense\u00f1ar el &#8220;camino correcto&#8221;.<\/p>\n<p style=\"text-align: justify\">&#8220;No vamos a aceptar que traten de limitar la historia de nuestro Estado y de nuestra naci\u00f3n de 90 a\u00f1os. Tomaremos todas las medidas [contra esta idea], incluyendo la revisi\u00f3n de los libros de las escuelas primarias&#8221;, enfatiz\u00f3. Esto incluir\u00eda un territorio que se extiende dentro de la corriente de Grecia, partes de Irak, descendiendo por toda Siria y llegando a Jerusal\u00e9n.<\/p>\n<p style=\"text-align: justify\">Unos 50.000 maestros fueron despedidos despu\u00e9s del golpe, as\u00ed como la mayor\u00eda de los l\u00edderes del ej\u00e9rcito. Tambi\u00e9n anunciaron que pueden transformar las escuelas p\u00fablicas en &#8220;centros de formaci\u00f3n isl\u00e1mica&#8221;.<\/p>\n<p style=\"text-align: justify\">El sitio especializado en pol\u00edtica internacional, Foreign Policy, denunci\u00f3 que todos los mapas de Turqu\u00eda que se muestran en la televisi\u00f3n estatal en los \u00faltimos meses muestran un territorio m\u00e1s grande que el oficial, avanzando sobre las \u00e1reas de Irak, Siria y Grecia.<\/p>\n<p style=\"text-align: justify\"><strong>Invasor de Jerusal\u00e9n<\/strong><\/p>\n<p style=\"text-align: justify\">En un discurso a mediados de 2015, Erdogan asegur\u00f3 tener el mismo esp\u00edritu de Saladino, desea expulsar de Jerusal\u00e9n a quienes \u00e9l considera los cruzados modernos, y as\u00ed unificar el mundo musulm\u00e1n.<\/p>\n<p style=\"text-align: justify\">&#8220;Estoy seguro de que el gran comandante Saladino est\u00e1 reuniendo a todas las personas del Medio Oriente en un ej\u00e9rcito que derrot\u00f3 a los cruzados. Saladino es testigo de lo que estamos haci\u00e9ndolo aqu\u00ed espiritualmente. Yo estaba en su presencia espiritual y me dirijo a \u00e9l aqu\u00ed en Hakkari con hombres poderosos en Turqu\u00eda&#8221;.<\/p>\n<p style=\"text-align: justify\">&#8220;\u00bfPor qu\u00e9 deber\u00edamos continuar siendo amigos con los que recorrieron con sus botas en el Monte del Templo? \u00bfEllos insisten en que seamos amigos? Yo digo, no vamos a serlo&#8221;, agreg\u00f3.<\/p>\n<p style=\"text-align: justify\">&#8220;Jerusal\u00e9n no es para los cruzados &#8230; Al\u00e1 es testigo de ella. \u00a1Un pueblo, una bandera, una naci\u00f3n y un estado! Jerusal\u00e9n es para los musulmanes y no para Israel &#8220;, destac\u00f3 Erdogan.<\/p>\n<p style=\"text-align: justify\">La entrada <a rel=\"nofollow\" href=\"http:\/\/www.noticiacristiana.com\/sociedad\/2016\/11\/turquia-invadir-israel.html\">Turqu\u00eda quiere &#8216;ampliar&#8217; territorio y podr\u00eda invadir Israel<\/a> aparece primero en <a rel=\"nofollow\" href=\"http:\/\/www.noticiacristiana.com\">NoticiaCristiana.com<\/a>.<\/p>\n","protected":false},"excerpt":{"rendered":"<p>\u00a0\u00a0\u00a0\u00a0\u00a0\u00a0\u00a0\u00a0\u00a0\u00a0\u00a0\u00a0\u00a0\u00a0\u00a0\u00a0\u00a0\u00a0\u00a0\u00a0\u00a0\u00a0\u00a0\u00a0\u00a0\u00a0\u00a0\u00a0\u00a0\u00a0\u00a0\u00a0\u00a0\u00a0\u00a0 N\u00ednro\u00a0 Ru\u00edz Pe\u00f1a TURQU\u00cdA. &#8211; El presidente de Turqu\u00eda, Recep Taiyyp Erdogan, volvi\u00f3 a dar se\u00f1ales de que pretende restaurar el poder que su pa\u00eds que ten\u00eda cuando lideraba el Imperio Otomano. Tambi\u00e9n dej\u00f3 claro su intenci\u00f3n de restaurar el califato que existi\u00f3 entre 1299 y 1922 y en su altura dominaba un \u00e1rea &hellip; <a href=\"https:\/\/www.biblia.work\/noticias\/turquia-quiere-ampliar-territorio-y-podria-invadir-israel\/\" class=\"more-link\">Continuar leyendo<span class=\"screen-reader-text\"> \u00abTurqu\u00eda quiere \u2018ampliar\u2019 territorio y podr\u00eda invadir Israel\u00bb<\/span><\/a><\/p>\n","protected":false},"author":1,"featured_media":0,"comment_status":"open","ping_status":"closed","sticky":false,"template":"","format":"standard","meta":{"footnotes":""},"categories":[1],"tags":[],"class_list":["post-8893","post","type-post","status-publish","format-standard","hentry","category-general"],"_links":{"self":[{"href":"https:\/\/www.biblia.work\/noticias\/wp-json\/wp\/v2\/posts\/8893","targetHints":{"allow":["GET"]}}],"collection":[{"href":"https:\/\/www.biblia.work\/noticias\/wp-json\/wp\/v2\/posts"}],"about":[{"href":"https:\/\/www.biblia.work\/noticias\/wp-json\/wp\/v2\/types\/post"}],"author":[{"embeddable":true,"href":"https:\/\/www.biblia.work\/noticias\/wp-json\/wp\/v2\/users\/1"}],"replies":[{"embeddable":true,"href":"https:\/\/www.biblia.work\/noticias\/wp-json\/wp\/v2\/comments?post=8893"}],"version-history":[{"count":0,"href":"https:\/\/www.biblia.work\/noticias\/wp-json\/wp\/v2\/posts\/8893\/revisions"}],"wp:attachment":[{"href":"https:\/\/www.biblia.work\/noticias\/wp-json\/wp\/v2\/media?parent=8893"}],"wp:term":[{"taxonomy":"category","embeddable":true,"href":"https:\/\/www.biblia.work\/noticias\/wp-json\/wp\/v2\/categories?post=8893"},{"taxonomy":"post_tag","embeddable":true,"href":"https:\/\/www.biblia.work\/noticias\/wp-json\/wp\/v2\/tags?post=8893"}],"curies":[{"name":"wp","href":"https:\/\/api.w.org\/{rel}","templated":true}]}}