{"id":8894,"date":"2016-11-15T11:15:03","date_gmt":"2016-11-15T16:15:03","guid":{"rendered":"http:\/\/www.biblia.work\/noticias\/una-de-cada-tres-personas-vive-en-un-pais-sin-libertad-religiosa\/"},"modified":"2016-11-15T11:15:03","modified_gmt":"2016-11-15T16:15:03","slug":"una-de-cada-tres-personas-vive-en-un-pais-sin-libertad-religiosa","status":"publish","type":"post","link":"https:\/\/www.biblia.work\/noticias\/una-de-cada-tres-personas-vive-en-un-pais-sin-libertad-religiosa\/","title":{"rendered":"Una de cada tres personas vive en un pa\u00eds sin libertad religiosa"},"content":{"rendered":"<p style=\"text-align: justify\">(ZENIT &#8211; Roma).- La libertad religiosa en el mundo est\u00e1 en retroceso. Esta es una de las principales conclusiones del Informe de Libertad Religiosa en el Mundo 2016, que la fundaci\u00f3n <span lang=\"es-ES\">Ayuda a la Iglesia Necesitada ha presentado hoy en simult\u00e1nea en Roma y Madrid.<\/span><\/p>\n<div id=\"attachment_78742\" style=\"width: 452px\" class=\"wp-caption alignleft\"><img loading=\"lazy\" decoding=\"async\" class=\"size-medium wp-image-78742\" src=\"https:\/\/es.zenit.org\/wp-content\/uploads\/2016\/11\/ACS-espa\u00f1a-442x275.jpg\" alt=\"Mons. Jean Abdo Arbach, Arzobispo de Homs y D. Javier Men\u00e9ndez Ros, director de Ayuda a la Iglesia Necesitada\" width=\"442\" height=\"275\" \/><\/p>\n<p class=\"wp-caption-text\">Mons. Jean Abdo Arbach, Arzobispo de Homs y D. Javier Men\u00e9ndez Ros, director espa\u00f1ol de Ayuda a la Iglesia Necesitada<\/p>\n<\/div>\n<p style=\"text-align: justify\">Don Javier Men\u00e9ndez Ros, director de Ayuda a la Iglesia Necesitada (AIN) en Espa\u00f1a ha destacado que &#8220;sin libertad religiosa no hay una verdadera libertad y las dem\u00e1s libertades se ven limitadas&#8221;. En la presentaci\u00f3n tambi\u00e9n ha participado Mons. Jean Abdo Arbach, Arzobispo de Homs, Siria, que ha denunciado la falta de libertad religiosa en Oriente Medio y la especial amenaza a los cristianos. Mons. Arbach ha afirmado que &#8220;no hay cifras claras de cristianos asesinados por su fe en Siria, pero solo en Homs hemos registrado 420 m\u00e1rtires cristianos&#8221;.<\/p>\n<p style=\"text-align: justify\">En Roma, la conferencia de prensa ha sido abierta por presidente de AIN -Italia, el ex ministro del Interior Alfredo Mantovano, seguida por las palabras de su director Alessandro Monteduro. Cont\u00f3 adem\u00e1s con las intervenciones del cardenal Mauro Piacenza, presidente internacional y del prof. Giuliano Amato, juez de la Corte Constitucional. Presente tambi\u00e9n un s\u00edmbolo de las violaciones de la libertad religiosa, mons. Jacques Behnan Hindo, arzobispo siro-cat\u00f3lico de Hassak\u00e9-Nisibi.<\/p>\n<p style=\"text-align: justify\">Este informe es de car\u00e1cter bienal y en \u00e9l se estudia el cumplimiento de este derecho fundamental en todos los pa\u00edses del mundo y para todos los credos. Se presenta en 20 pa\u00edses y est\u00e1 traducido en 7 idiomas.<\/p>\n<div id=\"attachment_78737\" style=\"width: 379px\" class=\"wp-caption alignleft\"><img loading=\"lazy\" decoding=\"async\" class=\"size-medium wp-image-78737\" src=\"https:\/\/es.zenit.org\/wp-content\/uploads\/2016\/11\/Card.-Mauro-Piacenza-Foto-ZENIT-cc-369x275.jpg\" alt=\"El cardenal Mauro Piacenza, presidente internacional\" width=\"369\" height=\"275\" \/><\/p>\n<p class=\"wp-caption-text\">El cardenal Mauro Piacenza, presidente internacional en la presentaci\u00f3n realizada en Roma<\/p>\n<\/div>\n<p style=\"text-align: justify\">El Informe de Libertad Religiosa en el Mundo 2016 denuncia que una de cada tres personas vive en un pa\u00eds sin libertad religiosa. Tambi\u00e9n que en el 20 por ciento de los pa\u00edses se sufren graves violaciones contra la libertad religiosa.<\/p>\n<p style=\"text-align: justify\">El islam extremista es la principal amenaza a la libertad religiosa y la principal causa de persecuci\u00f3n en el mundo, seg\u00fan este estudio que analiza el periodo de junio de 2014 a junio de 2016. En estos dos \u00faltimos a\u00f1os, uno de cada cinco pa\u00edses del mundo ha sufrido ataques islamistas radicales.<\/p>\n<p style=\"text-align: justify\"><strong>Discriminaci\u00f3n y Persecuci\u00f3n<br \/>\n<\/strong>El Informe de Libertad Religiosa en el Mundo 2016 clasifica a los pa\u00edses entre aquellos en donde se discrimina por causa de la fe y aquellos en los que se persigue, incluso hasta la muerte, por seguir una religi\u00f3n. De los 196 pa\u00edses analizados, en 38 de ellos se producen graves violaciones contra la libertad religiosa, de los cuales en 23 se sufre persecuci\u00f3n y en 15 se sufre discriminaci\u00f3n.<\/p>\n<p style=\"text-align: justify\">Entre los 23 pa\u00edses clasificados como pa\u00edses de persecuci\u00f3n, en once de ellos, la situaci\u00f3n de la libertad religiosa ha empeorado en los \u00faltimos a\u00f1os. Y en los siete pa\u00edses donde la persecuci\u00f3n es mayor, los problemas son tan agudos que apenas pueden empeorar: Afganist\u00e1n, Arabia Saud\u00ed, Corea del Norte, Irak, Nigeria, Siria y Somalia.<\/p>\n<p style=\"text-align: justify\">\u00bfQui\u00e9n ataca la libertad religiosa? Seg\u00fan desvela el Informe de Libertad Religiosa, en contra de lo que se cree, los estados no son los principales violadores de este derecho fundamental. El radicalismo isl\u00e1mico vulnera la libertad religiosa en 24 pa\u00edses, los estados autoritarios en 6, y los nacionalismos y otros grupos fundamentalistas en 8 pa\u00edses.<\/p>\n<p style=\"text-align: justify\"><strong>\u201cHiperextremismo islamista\u201d<br \/>\n<\/strong>Respecto a la amenaza de este radicalismo isl\u00e1mico, el estudio se\u00f1ala que desde 2014 estamos asintiendo a un nuevo fen\u00f3meno de violencia sin precedentes calificado como \u201chiperextremismo islamista\u201d. Los efectos de este proceso en Oriente Medio est\u00e1n provocando la eliminaci\u00f3n de toda forma de diversidad religiosa, con la pretensi\u00f3n de imponer estados monoconfesionales en toda la regi\u00f3n.<\/p>\n<p style=\"text-align: justify\">Respecto a la fe cristiana, el informe de Ayuda a la Iglesia Necesitada concluye que uno de cada 6 cristianos en el mundo vive en pa\u00edses con persecuci\u00f3n religiosa. Lo que convierte al Cristianismo en la religi\u00f3n m\u00e1s perseguida del planeta. 334 millones de cristianos viven en pa\u00edses de persecuci\u00f3n y 60 millones en pa\u00edses con discriminaci\u00f3n.<\/p>\n<p><span class=\"et_bloom_bottom_trigger\"><\/span><\/p>\n<p><a href=\"https:\/\/es.zenit.org\/\" target=\"_blank\" rel=\"nofollow\">Fuente: es.zenit.org<\/a><\/p>\n","protected":false},"excerpt":{"rendered":"<p>(ZENIT &#8211; Roma).- La libertad religiosa en el mundo est\u00e1 en retroceso. Esta es una de las principales conclusiones del Informe de Libertad Religiosa en el Mundo 2016, que la fundaci\u00f3n Ayuda a la Iglesia Necesitada ha presentado hoy en simult\u00e1nea en Roma y Madrid. Mons. Jean Abdo Arbach, Arzobispo de Homs y D. Javier &hellip; <a href=\"https:\/\/www.biblia.work\/noticias\/una-de-cada-tres-personas-vive-en-un-pais-sin-libertad-religiosa\/\" class=\"more-link\">Continuar leyendo<span class=\"screen-reader-text\"> \u00abUna de cada tres personas vive en un pa\u00eds sin libertad religiosa\u00bb<\/span><\/a><\/p>\n","protected":false},"author":1,"featured_media":0,"comment_status":"open","ping_status":"closed","sticky":false,"template":"","format":"standard","meta":{"footnotes":""},"categories":[1],"tags":[],"class_list":["post-8894","post","type-post","status-publish","format-standard","hentry","category-general"],"_links":{"self":[{"href":"https:\/\/www.biblia.work\/noticias\/wp-json\/wp\/v2\/posts\/8894","targetHints":{"allow":["GET"]}}],"collection":[{"href":"https:\/\/www.biblia.work\/noticias\/wp-json\/wp\/v2\/posts"}],"about":[{"href":"https:\/\/www.biblia.work\/noticias\/wp-json\/wp\/v2\/types\/post"}],"author":[{"embeddable":true,"href":"https:\/\/www.biblia.work\/noticias\/wp-json\/wp\/v2\/users\/1"}],"replies":[{"embeddable":true,"href":"https:\/\/www.biblia.work\/noticias\/wp-json\/wp\/v2\/comments?post=8894"}],"version-history":[{"count":0,"href":"https:\/\/www.biblia.work\/noticias\/wp-json\/wp\/v2\/posts\/8894\/revisions"}],"wp:attachment":[{"href":"https:\/\/www.biblia.work\/noticias\/wp-json\/wp\/v2\/media?parent=8894"}],"wp:term":[{"taxonomy":"category","embeddable":true,"href":"https:\/\/www.biblia.work\/noticias\/wp-json\/wp\/v2\/categories?post=8894"},{"taxonomy":"post_tag","embeddable":true,"href":"https:\/\/www.biblia.work\/noticias\/wp-json\/wp\/v2\/tags?post=8894"}],"curies":[{"name":"wp","href":"https:\/\/api.w.org\/{rel}","templated":true}]}}