{"id":8897,"date":"2016-11-15T12:15:02","date_gmt":"2016-11-15T17:15:02","guid":{"rendered":"http:\/\/www.biblia.work\/noticias\/el-papa-se-acerca-para-saludar-a-los-peregrinos-holandeses\/"},"modified":"2016-11-15T12:15:02","modified_gmt":"2016-11-15T17:15:02","slug":"el-papa-se-acerca-para-saludar-a-los-peregrinos-holandeses","status":"publish","type":"post","link":"https:\/\/www.biblia.work\/noticias\/el-papa-se-acerca-para-saludar-a-los-peregrinos-holandeses\/","title":{"rendered":"El Papa se acerca para saludar a los peregrinos holandeses"},"content":{"rendered":"<p style=\"text-align: justify\">(ZENIT &#8211; Roma).- Esta ma\u00f1ana en el altar de la C\u00e1tedra de la bas\u00edlica de San Pedro, se ha celebrado una misa para los peregrinos de los Pa\u00edses Bajos venidos a Roma en ocasi\u00f3n del Jubileo de la Misericordia. Al final de la celebraci\u00f3n eucar\u00edstica, el Santo Padre ha ido a la bas\u00edlica para saludar a los participantes en la peregrinaci\u00f3n.<\/p>\n<p style=\"text-align: justify\">Me alegra mucho &#8211;ha dicho Francisco&#8211; saludarles aqu\u00ed, en la bas\u00edlica de San Pedro, con motivo de la \u201cJornada Holandesa\u201d del Jubileo de la Misericordia. Es hermoso que hayan venido juntos, pastores y fieles de todas las di\u00f3cesis neerlandesas, en una peregrinaci\u00f3n com\u00fan a Roma. De esta forma manifiestan la vida y la comuni\u00f3n de la Iglesia en los Pa\u00edses Bajos y la unidad con el sucesor de Pedro\u201d.<\/p>\n<p style=\"text-align: justify\">\u201cEl A\u00f1o Santo hace que entremos todav\u00eda m\u00e1s en relaci\u00f3n con Jesucristo, rostro de la misericordia del Padre. \u00a1Nunca llegamos a agotar este gran misterio del amor de Dios!\u00a0Es la fuente de nuestra salvaci\u00f3n: todo el mundo, todos nosotros necesitamos la misericordia divina. Nos salva, nos da vida, nos vuelve a\u00a0 crear como verdaderos hijos e hijas de Dios. Y nosotros sentimos la bondad salvadora de Dios de forma particular en el sacramento de la Penitencia y Reconciliaci\u00f3n. La confesi\u00f3n es el lugar en que se recibe en don el perd\u00f3n y la misericordia de Dios. Aqu\u00ed empieza la transformaci\u00f3n de cada uno de nosotros y la reforma de la vida de la Iglesia\u201d.<\/p>\n<p style=\"text-align: justify\">\u201cAbran los\u00a0corazones y dejen\u00a0que les\u00a0plasme la misericordia de Dios; as\u00ed ser\u00e1n\u00a0tambi\u00e9n ustedes\u00a0instrumentos de la misericordia\u201d, exhort\u00f3 el Papa a los peregrinos. \u201cAbrazados por el Padre misericordioso que nos ofrece siempre su perd\u00f3n, ser\u00e1n\u00a0capaces de testimoniar su amor en la vida diaria. Los hombres y las mujeres de hoy tienen sed de Dios, tienen sed de su bondad y de su amor. Y ustedes\u00a0tambi\u00e9n, \u201ccanales\u201d de la misericordia, pueden\u00a0ayudar a aplacar esta sed; pueden\u00a0ayudar a tantas personas a volver a descubrir a Cristo, Salvador y Redentor de la humanidad. Como disc\u00edpulos misioneros de Jes\u00fas pueden \u201cirrigar\u201d a la sociedad con el anuncio del Evangelio y con la caridad, sobre todo con los m\u00e1s necesitados y las personas abandonadas a s\u00ed mismas\u201d.<\/p>\n<p style=\"text-align: justify\">Al final de su breve saludo, el Santo Padre conf\u00edo a los peregrinos y a toda la Iglesia de los Pa\u00edses Bajos a la protecci\u00f3n maternal de Mar\u00eda Sant\u00edsima, Madre de la Misericordia, bendici\u00e9ndoles y pidiendo que rezasen por \u00e9l.<\/p>\n<p><span class=\"et_bloom_bottom_trigger\"><\/span><\/p>\n<p><a href=\"https:\/\/es.zenit.org\/\" target=\"_blank\" rel=\"nofollow\">Fuente: es.zenit.org<\/a><\/p>\n","protected":false},"excerpt":{"rendered":"<p>(ZENIT &#8211; Roma).- Esta ma\u00f1ana en el altar de la C\u00e1tedra de la bas\u00edlica de San Pedro, se ha celebrado una misa para los peregrinos de los Pa\u00edses Bajos venidos a Roma en ocasi\u00f3n del Jubileo de la Misericordia. Al final de la celebraci\u00f3n eucar\u00edstica, el Santo Padre ha ido a la bas\u00edlica para saludar &hellip; <a href=\"https:\/\/www.biblia.work\/noticias\/el-papa-se-acerca-para-saludar-a-los-peregrinos-holandeses\/\" class=\"more-link\">Continuar leyendo<span class=\"screen-reader-text\"> \u00abEl Papa se acerca para saludar a los peregrinos holandeses\u00bb<\/span><\/a><\/p>\n","protected":false},"author":1,"featured_media":0,"comment_status":"open","ping_status":"closed","sticky":false,"template":"","format":"standard","meta":{"footnotes":""},"categories":[1],"tags":[],"class_list":["post-8897","post","type-post","status-publish","format-standard","hentry","category-general"],"_links":{"self":[{"href":"https:\/\/www.biblia.work\/noticias\/wp-json\/wp\/v2\/posts\/8897","targetHints":{"allow":["GET"]}}],"collection":[{"href":"https:\/\/www.biblia.work\/noticias\/wp-json\/wp\/v2\/posts"}],"about":[{"href":"https:\/\/www.biblia.work\/noticias\/wp-json\/wp\/v2\/types\/post"}],"author":[{"embeddable":true,"href":"https:\/\/www.biblia.work\/noticias\/wp-json\/wp\/v2\/users\/1"}],"replies":[{"embeddable":true,"href":"https:\/\/www.biblia.work\/noticias\/wp-json\/wp\/v2\/comments?post=8897"}],"version-history":[{"count":0,"href":"https:\/\/www.biblia.work\/noticias\/wp-json\/wp\/v2\/posts\/8897\/revisions"}],"wp:attachment":[{"href":"https:\/\/www.biblia.work\/noticias\/wp-json\/wp\/v2\/media?parent=8897"}],"wp:term":[{"taxonomy":"category","embeddable":true,"href":"https:\/\/www.biblia.work\/noticias\/wp-json\/wp\/v2\/categories?post=8897"},{"taxonomy":"post_tag","embeddable":true,"href":"https:\/\/www.biblia.work\/noticias\/wp-json\/wp\/v2\/tags?post=8897"}],"curies":[{"name":"wp","href":"https:\/\/api.w.org\/{rel}","templated":true}]}}