{"id":8902,"date":"2016-11-15T13:15:02","date_gmt":"2016-11-15T18:15:02","guid":{"rendered":"http:\/\/www.biblia.work\/noticias\/estados-unidos-eligieron-al-nuevo-presidente-y-vicepresidente-de-la-conferencia-episcopal\/"},"modified":"2016-11-15T13:15:02","modified_gmt":"2016-11-15T18:15:02","slug":"estados-unidos-eligieron-al-nuevo-presidente-y-vicepresidente-de-la-conferencia-episcopal","status":"publish","type":"post","link":"https:\/\/www.biblia.work\/noticias\/estados-unidos-eligieron-al-nuevo-presidente-y-vicepresidente-de-la-conferencia-episcopal\/","title":{"rendered":"Estados Unidos: eligieron al nuevo presidente y vicepresidente de la Conferencia Episcopal"},"content":{"rendered":"<p style=\"text-align: justify\">(ZENIT &#8211; Baltimora).-\u00a0Cada dos a\u00f1os los obispos de Estados Unidos renuevan el cargo de presidente y vice. Normalmente, quien fue\u00a0vicepresidente en el per\u00edodo anterior, es elegido presidente por los pr\u00f3ximos dos a\u00f1os. No fue excepci\u00f3n esta vez. El cardenal Daniel DiNardo, actual vicepresidente de la Conferencia Episcopal de EEUU, arzobispo de Galverston-Houston, acaba de ser elegido presidente del mencionado cuerpo. DiNardo, que cuenta con una maestr\u00eda en filosof\u00eda por la\u00a0<a target=\"_blank\" rel=\"nofollow\" href=\"https:\/\/es.wikipedia.org\/wiki\/Universidad_Cat%C3%B3lica_de_Am%C3%A9rica\">Universidad Cat\u00f3lica de Estados<\/a>\u00a0Unidos, una licenciatura en\u00a0<a target=\"_blank\" rel=\"nofollow\" href=\"https:\/\/es.wikipedia.org\/wiki\/Teolog%C3%ADa\">teolog\u00eda<\/a>\u00a0por la\u00a0<a target=\"_blank\" rel=\"nofollow\" href=\"https:\/\/es.wikipedia.org\/wiki\/Pontificia_Universidad_Gregoriana\">Pontificia Universidad Gregoriana<\/a>\u00a0y en\u00a0<a target=\"_blank\" rel=\"nofollow\" href=\"https:\/\/es.wikipedia.org\/wiki\/Patr%C3%ADstica\">patr\u00edstica<\/a>\u00a0por el\u00a0<a target=\"_blank\" rel=\"nofollow\" href=\"https:\/\/es.wikipedia.org\/wiki\/Instituto_Patr%C3%ADstico_Augustinianum\">Instituto Patr\u00edstico Augustinianum<\/a>, fue creado y proclamado cardenal por el papa Benedicto XVI en 2007.<\/p>\n<p style=\"text-align: justify\">La vicepresidencia de la Conferencia Episcopal de Estados Unidos estar\u00e1 a cargo del arzobispo Jos\u00e9 G\u00f3mez, oriundo de Monterrey, M\u00e9xico, quien fuera nombrado en 2011 arzobispo de Los Angeles, cargo que sigue ocupando actualmente.<\/p>\n<p style=\"text-align: justify\">Mons. G\u00f3mez es un importante referente de la comunidad hispana en Estados Unidos, grupo \u00e9tnico que conforma actualmente el 42\u00a0por ciento\u00a0de la Iglesia cat\u00f3lica del pa\u00eds. En 2001 el papa Juan Pablo II lo nombr\u00f3 obispo auxiliar de Denver. Entre 2004 y 2010 fue arzobispo de San Antonio, Texas. Es licenciado en Teolog\u00eda por la Universidad de Navarra en la ciudad de Pamplona.<\/p>\n<p style=\"text-align: justify\">Entre sus numerosas responsabilidades, el arzobispo G\u00f3mez es miembro de la comisi\u00f3n directiva del Quinto Encuentro del Ministerio Hispano de Estados Unidos, que convoca a un mill\u00f3n de agentes pastorales de 175 di\u00f3cesis del pa\u00eds.<\/p>\n<p style=\"text-align: justify\">Al cerrar la actual Asamblea General de Obispos de Estados Unidos, el arzobispo Joseph Kurtz entregar\u00e1 la presidencia al cardenal DiNardo, quien asumir\u00e1 su nuevo cargo, junto con el arzobispo G\u00f3mez.<\/p>\n<p><span class=\"et_bloom_bottom_trigger\"><\/span><\/p>\n<p><a href=\"https:\/\/es.zenit.org\/\" target=\"_blank\" rel=\"nofollow\">Fuente: es.zenit.org<\/a><\/p>\n","protected":false},"excerpt":{"rendered":"<p>(ZENIT &#8211; Baltimora).-\u00a0Cada dos a\u00f1os los obispos de Estados Unidos renuevan el cargo de presidente y vice. Normalmente, quien fue\u00a0vicepresidente en el per\u00edodo anterior, es elegido presidente por los pr\u00f3ximos dos a\u00f1os. No fue excepci\u00f3n esta vez. El cardenal Daniel DiNardo, actual vicepresidente de la Conferencia Episcopal de EEUU, arzobispo de Galverston-Houston, acaba de ser &hellip; <a href=\"https:\/\/www.biblia.work\/noticias\/estados-unidos-eligieron-al-nuevo-presidente-y-vicepresidente-de-la-conferencia-episcopal\/\" class=\"more-link\">Continuar leyendo<span class=\"screen-reader-text\"> \u00abEstados Unidos: eligieron al nuevo presidente y vicepresidente de la Conferencia Episcopal\u00bb<\/span><\/a><\/p>\n","protected":false},"author":1,"featured_media":0,"comment_status":"open","ping_status":"closed","sticky":false,"template":"","format":"standard","meta":{"footnotes":""},"categories":[1],"tags":[],"class_list":["post-8902","post","type-post","status-publish","format-standard","hentry","category-general"],"_links":{"self":[{"href":"https:\/\/www.biblia.work\/noticias\/wp-json\/wp\/v2\/posts\/8902","targetHints":{"allow":["GET"]}}],"collection":[{"href":"https:\/\/www.biblia.work\/noticias\/wp-json\/wp\/v2\/posts"}],"about":[{"href":"https:\/\/www.biblia.work\/noticias\/wp-json\/wp\/v2\/types\/post"}],"author":[{"embeddable":true,"href":"https:\/\/www.biblia.work\/noticias\/wp-json\/wp\/v2\/users\/1"}],"replies":[{"embeddable":true,"href":"https:\/\/www.biblia.work\/noticias\/wp-json\/wp\/v2\/comments?post=8902"}],"version-history":[{"count":0,"href":"https:\/\/www.biblia.work\/noticias\/wp-json\/wp\/v2\/posts\/8902\/revisions"}],"wp:attachment":[{"href":"https:\/\/www.biblia.work\/noticias\/wp-json\/wp\/v2\/media?parent=8902"}],"wp:term":[{"taxonomy":"category","embeddable":true,"href":"https:\/\/www.biblia.work\/noticias\/wp-json\/wp\/v2\/categories?post=8902"},{"taxonomy":"post_tag","embeddable":true,"href":"https:\/\/www.biblia.work\/noticias\/wp-json\/wp\/v2\/tags?post=8902"}],"curies":[{"name":"wp","href":"https:\/\/api.w.org\/{rel}","templated":true}]}}