{"id":8903,"date":"2016-11-15T13:15:03","date_gmt":"2016-11-15T18:15:03","guid":{"rendered":"http:\/\/www.biblia.work\/noticias\/los-obispos-en-baltimore-sanar-las-heridas-tras-una-campana-muy-polarizada\/"},"modified":"2016-11-15T13:15:03","modified_gmt":"2016-11-15T18:15:03","slug":"los-obispos-en-baltimore-sanar-las-heridas-tras-una-campana-muy-polarizada","status":"publish","type":"post","link":"https:\/\/www.biblia.work\/noticias\/los-obispos-en-baltimore-sanar-las-heridas-tras-una-campana-muy-polarizada\/","title":{"rendered":"Los obispos en Baltimore: \u2018sanar las heridas tras una campa\u00f1a muy polarizada\u2019"},"content":{"rendered":"<p style=\"text-align: justify\">(ZENIT &#8211; Baltimore).- Ayer comenz\u00f3 la Asamblea General de Obispos de Estados Unidos que tiene lugar anualmente en noviembre en la ciudad de Baltimore, estado de Maryland, lindante con Washington, D.C..<\/p>\n<p style=\"text-align: justify\">El arzobispo Joseph Kurtz, presidente de la Conferencia de Obispos de EEUU, abri\u00f3 la sesi\u00f3n dando la bienvenida a los presentes, y felicitando a los tres futuros cardenales estadounidenses nombrados por el papa Francisco: el arzobispo Blase Cupich, de Chicago; el arzobispo Joseph Tobin, de Indian\u00e1polis y el obispo Kevin Joseph Farrell, nombrado prefecto del flamante Dicasterio de Laicos, Familia y Vida.<\/p>\n<p style=\"text-align: justify\">A continuaci\u00f3n\u00a0el nuncio apost\u00f3lico en Estados Unidos, arzobispo Christophe Pierre, agradeci\u00f3 la c\u00e1lida bienvenida recibida en el pa\u00eds en diversos encuentros y recepciones. Citando palabras del papa Francisco, remarc\u00f3 que \u201cLa misericordia cambia el mundo\u201d, y agreg\u00f3: \u201cMisericordia es la llave para comprender al Santo Padre y su camino de conducci\u00f3n de la Iglesia. Misericordia no es una idea abstracta, sino una experiencia de ser cuidados por Dios.\u201d<\/p>\n<p style=\"text-align: justify\">En cuanto al resultado de las \u00faltimas elecciones en Estados Unidos, el arzobispo Pierre remarc\u00f3 que \u201cmisericordia es lo que el pa\u00eds necesita para sanar las heridas de la division luego de una campa\u00f1a polarizada. Muchos estadounidenses me han expresado su frustraci\u00f3n por lo sucedido. Como cat\u00f3licos y pastores, debemos ser testimonio de esperanza, para avanzar en los d\u00edas que se avecinan, para que realmente podamos ser una naci\u00f3n, en manos de Dios.\u201d<\/p>\n<p style=\"text-align: justify\">Como caminos pastorales, el nuncio apost\u00f3lico se refiri\u00f3 nuevamente al Santo Padre, remarcando la importancia de ser \u201cIglesia en salida\u201d, y la \u201cternura de Dios\u201d. En ese sentido expres\u00f3 que \u201cel Papa Francisco sabe que debemos predicar el Evangelio con alegr\u00eda a todos, incluyendo los que se encuentran en la periferia. De esta forma las personas encontrar\u00e1n la Misericordia de Dios en la Iglesia.\u201d<\/p>\n<p style=\"text-align: justify\">Sobre las metas pastorales del papa Francisco, expres\u00f3 el arzobispo Pierre que el Santo Padre ya defini\u00f3 la tem\u00e1tica del pr\u00f3ximo s\u00ednodo: Juventud, Fe y Discernimiento Vocacional.<\/p>\n<p style=\"text-align: justify\">El nuncio apost\u00f3lico recibi\u00f3 de la asamblea de obispos de Estados Unidos una ovaci\u00f3n de pie, tanto al presentarse, como al finalizar su alocuci\u00f3n, como una expresi\u00f3n profunda de afecto hacia el Santo Padre e incondicional apoyo a su magisterio.<\/p>\n<p style=\"text-align: justify\">Seguidamente el Cardenal Timothy Dolan resumi\u00f3 lo que ser\u00e1 la Convocatoria de L\u00edderes Cat\u00f3licos, una convenci\u00f3n a la que llaman los obispos de Estados Unidos para promover el liderazgo de los laicos, la unidad de la Iglesia en el pa\u00eds, el intercambio y el celo por la nueva evangelizaci\u00f3n. La misma tendr\u00e1 lugar en Orlando, Florida, entre el 1ro. y el 4 de julio de 2017, y su tema central ser\u00e1 La Alegr\u00eda del Evangelio en Estados Unidos, basado en la carta apost\u00f3lica del Papa Francisco, Evangelii Gaudium.<\/p>\n<p style=\"text-align: justify\">Los obispos son invitados a asistir y a llevar sus mejores l\u00edderes, para lograr promisorios resultados para la expansion del mensaje de Jes\u00fas. Se cuenta hasta ahora con medio mill\u00f3n de d\u00f3lares para subsidies, a los efectos de favorecer la presencia de quienes no podr\u00edan pagar los costos del encuentro.<\/p>\n<p style=\"text-align: justify\">Uno de los temas principales que mueve a la Iglesia en Estados Unidos, es el Quinto Encuentro de Ministerio Hispano, que se desarrolla en las parroquias y di\u00f3cesis del pa\u00eds, y que tendr\u00e1 su punto c\u00falmine en septiembre de 2018, con una masiva convocatoria nacional en Dallas Texas. El Cardenal Dolan mencion\u00f3 que la convenci\u00f3n nacional La Alegr\u00eda del Evangelio en EEUU, en julio de 2017, no solo no opacar\u00e1 el \u00e9xito del Quinto Encuentro, sino que por el contrario, est\u00e1 llamado a potenciar sus logros pastorales.<\/p>\n<p style=\"text-align: justify\">&nbsp;<\/p>\n<p><span class=\"et_bloom_bottom_trigger\"><\/span><\/p>\n<p><a href=\"https:\/\/es.zenit.org\/\" target=\"_blank\" rel=\"nofollow\">Fuente: es.zenit.org<\/a><\/p>\n","protected":false},"excerpt":{"rendered":"<p>(ZENIT &#8211; Baltimore).- Ayer comenz\u00f3 la Asamblea General de Obispos de Estados Unidos que tiene lugar anualmente en noviembre en la ciudad de Baltimore, estado de Maryland, lindante con Washington, D.C.. El arzobispo Joseph Kurtz, presidente de la Conferencia de Obispos de EEUU, abri\u00f3 la sesi\u00f3n dando la bienvenida a los presentes, y felicitando a &hellip; <a href=\"https:\/\/www.biblia.work\/noticias\/los-obispos-en-baltimore-sanar-las-heridas-tras-una-campana-muy-polarizada\/\" class=\"more-link\">Continuar leyendo<span class=\"screen-reader-text\"> \u00abLos obispos en Baltimore: \u2018sanar las heridas tras una campa\u00f1a muy polarizada\u2019\u00bb<\/span><\/a><\/p>\n","protected":false},"author":1,"featured_media":0,"comment_status":"open","ping_status":"closed","sticky":false,"template":"","format":"standard","meta":{"footnotes":""},"categories":[1],"tags":[],"class_list":["post-8903","post","type-post","status-publish","format-standard","hentry","category-general"],"_links":{"self":[{"href":"https:\/\/www.biblia.work\/noticias\/wp-json\/wp\/v2\/posts\/8903","targetHints":{"allow":["GET"]}}],"collection":[{"href":"https:\/\/www.biblia.work\/noticias\/wp-json\/wp\/v2\/posts"}],"about":[{"href":"https:\/\/www.biblia.work\/noticias\/wp-json\/wp\/v2\/types\/post"}],"author":[{"embeddable":true,"href":"https:\/\/www.biblia.work\/noticias\/wp-json\/wp\/v2\/users\/1"}],"replies":[{"embeddable":true,"href":"https:\/\/www.biblia.work\/noticias\/wp-json\/wp\/v2\/comments?post=8903"}],"version-history":[{"count":0,"href":"https:\/\/www.biblia.work\/noticias\/wp-json\/wp\/v2\/posts\/8903\/revisions"}],"wp:attachment":[{"href":"https:\/\/www.biblia.work\/noticias\/wp-json\/wp\/v2\/media?parent=8903"}],"wp:term":[{"taxonomy":"category","embeddable":true,"href":"https:\/\/www.biblia.work\/noticias\/wp-json\/wp\/v2\/categories?post=8903"},{"taxonomy":"post_tag","embeddable":true,"href":"https:\/\/www.biblia.work\/noticias\/wp-json\/wp\/v2\/tags?post=8903"}],"curies":[{"name":"wp","href":"https:\/\/api.w.org\/{rel}","templated":true}]}}