{"id":8911,"date":"2016-11-15T15:15:02","date_gmt":"2016-11-15T20:15:02","guid":{"rendered":"http:\/\/www.biblia.work\/noticias\/comentario-a-la-liturgia-dominical-solemnidad-de-cristo-rey\/"},"modified":"2016-11-15T15:15:02","modified_gmt":"2016-11-15T20:15:02","slug":"comentario-a-la-liturgia-dominical-solemnidad-de-cristo-rey","status":"publish","type":"post","link":"https:\/\/www.biblia.work\/noticias\/comentario-a-la-liturgia-dominical-solemnidad-de-cristo-rey\/","title":{"rendered":"Comentario a la liturgia dominical \u2013 Solemnidad de Cristo Rey"},"content":{"rendered":"<p style=\"text-align: justify\"><b>TRIG\u00c9SIMO CUARTO DOMINGO DEL TIEMPO COM\u00daN &#8211;\u00a0<\/b><b>CLAUSURA DEL A\u00d1O DE LA MISERICORDIA<\/b><\/p>\n<p align=\"JUSTIFY\"><b>Ciclo C &#8211;\u00a0<\/b><b>Textos: 2 Sam 5, 1-3; Col 1, 12-20; Lc 23, 35-43<\/b><\/p>\n<p align=\"JUSTIFY\">P. Antonio Rivero, L.C. Doctor en Teolog\u00eda Espiritual, director espiritual y profesor de Humanidades Cl\u00e1sicas en el Centro de Noviciado y Humanidades y Ciencias de la Legi\u00f3n de Cristo en Monterrey (M\u00e9xico).<\/p>\n<p align=\"JUSTIFY\"><b>Idea principal<\/b>: <i>Christus vincit, Christus regnat, Christus \u00edmperat<\/i>.<\/p>\n<p align=\"JUSTIFY\"><b>S\u00edntesis del mensaje:<\/b> Hoy celebramos la Solemnidad de Cristo Rey. As\u00ed cerramos no s\u00f3lo el a\u00f1o de la Misericordia, sino tambi\u00e9n el a\u00f1o lit\u00fargico. El pr\u00f3ximo domingo comenzamos el Adviento del ciclo A. Esta fiesta de Cristo Rey antes se celebraba el \u00faltimo domingo de octubre, desde el a\u00f1o 1925 en la que la instituy\u00f3 el Papa P\u00edo XI. Pero en la reforma de Pablo VI, el 1969, se traslad\u00f3 al \u00faltimo domingo del a\u00f1o lit\u00fargico, el domingo 34 del Tiempo Ordinario. Esta fiesta nos invita a ver nuestra historia como un proceso del Reino que todav\u00eda no se manifiesta, pero que se est\u00e1 gestando y madurando hasta el final de los tiempos.<\/p>\n<p align=\"JUSTIFY\"><b>Puntos de la idea principal<\/b>:<\/p>\n<p align=\"JUSTIFY\"><i><b>En primer lugar<\/b><\/i>, <i>veamos a nuestros reyes terrenos y a nuestro Rey, Cristo<\/i>. <span style=\"color: #000000\">Los reyes del mundo van rodeados de grandes s\u00e9quitos, de armas, de delegados, de fasto y pompa, de terciopelos, de valiosas joyas, de lujosos tronos, esplendorosos salones. Sus proclamaciones suelen estar rodeadas de espectaculares ceremonias, brillantes festejos y general regocijo.<\/span> L<span style=\"color: #000000\">os Evangelios nos presentan un Rey cuyo trono es la cruz y cuyo cetro es un clavo que atraviesa su mano. Demasiado fuerte, demasiado escandaloso, demasiado insoportable para el hombre. M\u00e1s a\u00fan: si algo est\u00e1 lejos de lo que es ser Rey, seg\u00fan el sentir humano, es ese Jes\u00fas de la Cruz; si algo es imposible conciliar es que Jes\u00fas sea Dios y Rey en la Cruz. <\/span><span style=\"color: #000000\">Pero los evangelistas no se dejan llevar por los prejuicios humanos, no quieren suavizar las cosas para conseguir adeptos; los evangelistas saben que aqu\u00ed no se puede remozar la realidad, ni siquiera como t\u00e9cnica pedag\u00f3gica. A la hora de la verdad, \u00e9sta es nuestra fe: ante un hombre que est\u00e1 siendo ejecutado como un malhechor entre malhechores, el cristiano proclama que \u00e9se y no otro es nuestro Salvador; \u00e9se y no otro es el Hijo de Dios; \u00e9se y no otro es nuestro Salvador. Que aqu\u00ed estamos rozando el Misterio de Dios es innegable; y en esta situaci\u00f3n no tenemos otra salida que la confianza, porque este Rey es un Rey lleno de misericordia.<\/span><\/p>\n<p align=\"JUSTIFY\"><i><b>En segundo lugar<\/b><\/i>, <i>veamos las reacciones ante este Cristo Rey Misericordioso<\/i>. <span style=\"color: #000000\"><i>El pueblo <\/i><\/span><span style=\"color: #000000\">presencia la escena, probablemente esperando a ver en qu\u00e9 quedaba todo aquello. <\/span><span style=\"color: #000000\"><i>Las autoridades religiosas <\/i><\/span><span style=\"color: #000000\">hacen sarc\u00e1sticos comentarios sobre el crucificado: &#8220;A otros ha salvado; que se salve a s\u00ed mismo, si \u00e9l es el Mes\u00edas de Dios&#8221;; hay que reconocer que saben &#8220;poner el dedo en la llaga&#8221;, que lo que dicen est\u00e1 lleno de l\u00f3gica; pero precisamente por eso, porque est\u00e1n convencidos de que Dios tiene que ser como su l\u00f3gica les dicta, son incapaces de reconocer a Dios tal y como \u00c9l se presenta; y el hecho de que no se presente como el hombre esperar\u00eda, no es motivo para rechazarle; pero s\u00ed lo fue para aquellas autoridades religiosas. <\/span><span style=\"color: #000000\"><i>Los soldados romanos<\/i><\/span><span style=\"color: #000000\">, encargados de la ejecuci\u00f3n, se burlan de aquel hombre que mor\u00eda bajo el t\u00edtulo de &#8220;Rey de los jud\u00edos&#8221;; ellos s\u00ed sab\u00edan bien lo que era un rey; y adem\u00e1s conoc\u00edan cu\u00e1l era la verdadera situaci\u00f3n de los jud\u00edos; en aquel estado de cosas, pensar que aquel hombre fuese rey era un disparate descomunal en el que ellos, l\u00f3gicamente, no iban a caer. <\/span><span style=\"color: #000000\"><i>S\u00f3lo un hombre es capaz de leer tras las apariencias<\/i><\/span><span style=\"color: #000000\">, de interpretar los acontecimientos que ante sus ojos se est\u00e1n desarrollando; un <\/span><span style=\"color: #000000\"><i>ladr\u00f3n<\/i><\/span><span style=\"color: #000000\"> que, en otra cruz, comparte el suplicio y el destino m\u00e1s pr\u00f3ximo de Jes\u00fas: la muerte. Un hombre al que la ley del Estado no ha dado respuestas en su vida, un hombre al que la l\u00f3gica humana ha considerado indigno de seguir vivo entre los vivos, irrecuperable, sin soluci\u00f3n, inservible para el g\u00e9nero humano, y por tanto, digno de ser destruido, eliminado. Este es el \u00fanico que, a pesar de su situaci\u00f3n -\u00bfser\u00eda atrevido afirmar que, m\u00e1s bien, gracias a ella?- ya no espera nada de la l\u00f3gica humana, pero no ha perdido toda esperanza. Le queda una esperanza m\u00e1s definitiva, m\u00e1s absoluta, que iba m\u00e1s all\u00e1 de lo que la vista y la mente pod\u00edan alcanzar. Por eso se dirige a Jes\u00fas Misericordioso para pedirle: &#8220;Acu\u00e9rdate de m\u00ed cuando llegues a tu reino&#8221;. Y por eso encuentra una respuesta en Jes\u00fas: &#8220;Hoy estar\u00e1s conmigo en el para\u00edso&#8221;. <\/span><span style=\"color: #000000\">Antes aquel &#8220;buen ladr\u00f3n&#8221; ha tenido que ser capaz de superar ideas preconcebidas sobre Dios y reconocerle presente en aquel compa\u00f1ero suyo de suplicio; ha tenido que superar el dejarse esclavizar por los valores al uso en su sociedad y reconocer que, verdaderamente, aqu\u00e9l era Rey y Rey Misericordioso<\/span><span style=\"color: #000000\">.<\/span><\/p>\n<p align=\"JUSTIFY\"><span style=\"color: #000000\"><i><b>Finalmente<\/b><\/i><\/span><span style=\"color: #000000\">, <\/span><span style=\"color: #000000\"><i>\u00bfa qu\u00e9 nos compromete esta solemnidad?<\/i><\/span> <span style=\"color: #36383d\">Es necesario\u00a0que Cristo reine en primer lugar en nuestra <\/span><span style=\"color: #36383d\"><i>inteligencia<\/i><\/span><span style=\"color: #36383d\">, por el conocimiento de sus ense\u00f1anzas y la recepci\u00f3n amorosa de esas verdades reveladas;\u00a0es necesario que reine en nuestra <\/span><span style=\"color: #36383d\"><i>voluntad<\/i><\/span><span style=\"color: #36383d\">, por la obediencia e identificaci\u00f3n cada vez m\u00e1s plena con la voluntad divina. Es preciso que reine en nuestro <\/span><span style=\"color: #36383d\"><i>coraz\u00f3n<\/i><\/span><span style=\"color: #36383d\">, para que ning\u00fan amor se anteponga al amor de Dios; y en nuestro <\/span><span style=\"color: #36383d\"><i>cuerpo<\/i><\/span><span style=\"color: #36383d\">, que es templo del Esp\u00edritu Santo;\u00a0en nuestro <\/span><span style=\"color: #36383d\"><i>trabajo<\/i><\/span><span style=\"color: #36383d\">, en nuestro camino de santidad. Celebrar la fiesta de Cristo Rey implica un compromiso: trabajar con todo empe\u00f1o para que la voluntad de Dios \u2013como nos dice san Pablo en la 2\u00aa lectura- se manifieste en todas las cosas. En nuestro coraz\u00f3n en primer lugar, y desde all\u00ed a todo lo que est\u00e1 a nuestro alrededor, hasta que llegue el d\u00eda en que el Reino se manifieste en total plenitud, cuando todas las cosas est\u00e9n definitivamente ordenadas al servicio del hombre nuevo, y Dios sea todo en todos, como dej\u00f3 escrito el Papa P\u00edo XI en la enc\u00edclica<\/span><span style=\"color: #36383d\"><i> \u201cQuas primas\u201d.<\/i><\/span><\/p>\n<p align=\"JUSTIFY\"><b>Para reflexionar<\/b>: \u00bfEs Cristo el Rey de mi coraz\u00f3n, de mi inteligencia y de mi voluntad? \u00bfQu\u00e9 hago para llevar el Reino de Cristo a todas partes, ese Reino de justicia, amor, verdad y paz?<\/p>\n<p align=\"JUSTIFY\"><span style=\"color: #000000\"><b>Para rezar<\/b><\/span><span style=\"color: #000000\">: <\/span><span style=\"color: #000000\"><span style=\"font-family: 'Book Antiqua', serif\">\u00a1<\/span><\/span><span style=\"color: #000000\">Oh Cristo Jes\u00fas! Os reconozco por Rey universal. Todo lo que ha sido hecho, ha sido creado para Vos. Ejerced sobre m\u00ed todos vuestros derechos.<\/span> <span style=\"color: #000000\">Renuevo mis promesas del Bautismo, renunciando a Satan\u00e1s, a sus pompas y a sus obras, y prometo vivir como buen cristiano. Y muy en particular me comprometo a hacer triunfar, seg\u00fan mis medios, los derechos de Dios y de vuestra Iglesia.\u00a0\u00a1Divino Coraz\u00f3n de Jes\u00fas! Os ofrezco mis pobres acciones para que todos los corazones reconozcan vuestra Sagrada Realeza, y que as\u00ed el reinado de vuestra paz se establezca en el Universo entero. Am\u00e9n.<\/span><\/p>\n<p style=\"text-align: justify\"><span style=\"color: #000000\">Cualquier sugerencia o duda pueden comunicarse con el padre Antonio a este email: arivero@legionaries.org. <\/span><\/p>\n<p><span class=\"et_bloom_bottom_trigger\"><\/span><\/p>\n<p><a href=\"https:\/\/es.zenit.org\/\" target=\"_blank\" rel=\"nofollow\">Fuente: es.zenit.org<\/a><\/p>\n","protected":false},"excerpt":{"rendered":"<p>TRIG\u00c9SIMO CUARTO DOMINGO DEL TIEMPO COM\u00daN &#8211;\u00a0CLAUSURA DEL A\u00d1O DE LA MISERICORDIA Ciclo C &#8211;\u00a0Textos: 2 Sam 5, 1-3; Col 1, 12-20; Lc 23, 35-43 P. Antonio Rivero, L.C. Doctor en Teolog\u00eda Espiritual, director espiritual y profesor de Humanidades Cl\u00e1sicas en el Centro de Noviciado y Humanidades y Ciencias de la Legi\u00f3n de Cristo en &hellip; <a href=\"https:\/\/www.biblia.work\/noticias\/comentario-a-la-liturgia-dominical-solemnidad-de-cristo-rey\/\" class=\"more-link\">Continuar leyendo<span class=\"screen-reader-text\"> \u00abComentario a la liturgia dominical \u2013 Solemnidad de Cristo Rey\u00bb<\/span><\/a><\/p>\n","protected":false},"author":1,"featured_media":0,"comment_status":"open","ping_status":"closed","sticky":false,"template":"","format":"standard","meta":{"footnotes":""},"categories":[1],"tags":[],"class_list":["post-8911","post","type-post","status-publish","format-standard","hentry","category-general"],"_links":{"self":[{"href":"https:\/\/www.biblia.work\/noticias\/wp-json\/wp\/v2\/posts\/8911","targetHints":{"allow":["GET"]}}],"collection":[{"href":"https:\/\/www.biblia.work\/noticias\/wp-json\/wp\/v2\/posts"}],"about":[{"href":"https:\/\/www.biblia.work\/noticias\/wp-json\/wp\/v2\/types\/post"}],"author":[{"embeddable":true,"href":"https:\/\/www.biblia.work\/noticias\/wp-json\/wp\/v2\/users\/1"}],"replies":[{"embeddable":true,"href":"https:\/\/www.biblia.work\/noticias\/wp-json\/wp\/v2\/comments?post=8911"}],"version-history":[{"count":0,"href":"https:\/\/www.biblia.work\/noticias\/wp-json\/wp\/v2\/posts\/8911\/revisions"}],"wp:attachment":[{"href":"https:\/\/www.biblia.work\/noticias\/wp-json\/wp\/v2\/media?parent=8911"}],"wp:term":[{"taxonomy":"category","embeddable":true,"href":"https:\/\/www.biblia.work\/noticias\/wp-json\/wp\/v2\/categories?post=8911"},{"taxonomy":"post_tag","embeddable":true,"href":"https:\/\/www.biblia.work\/noticias\/wp-json\/wp\/v2\/tags?post=8911"}],"curies":[{"name":"wp","href":"https:\/\/api.w.org\/{rel}","templated":true}]}}