{"id":8913,"date":"2016-11-15T16:05:04","date_gmt":"2016-11-15T21:05:04","guid":{"rendered":"http:\/\/www.biblia.work\/noticias\/la-tarea-pendiente-de-los-catolicos-para-vencer-el-aborto-y-la-ideologia-de-genero\/"},"modified":"2016-11-15T16:05:04","modified_gmt":"2016-11-15T21:05:04","slug":"la-tarea-pendiente-de-los-catolicos-para-vencer-el-aborto-y-la-ideologia-de-genero","status":"publish","type":"post","link":"https:\/\/www.biblia.work\/noticias\/la-tarea-pendiente-de-los-catolicos-para-vencer-el-aborto-y-la-ideologia-de-genero\/","title":{"rendered":"La tarea pendiente de los cat\u00f3licos para vencer el aborto y la ideolog\u00eda de g\u00e9nero"},"content":{"rendered":"<p> REDACCI\u00d3N CENTRAL, 15 Nov. 16 (ACI).-<br \/>\n\t&iquest;C&oacute;mo evitar que los ministerios de un pa&iacute;s se vean copados por funcionarios que promueven el aborto o la ideolog&iacute;a de g&eacute;nero? Un ex ministro peruano tiene una respuesta muy clara: los fieles cat&oacute;licos deben decidirse a participar &ldquo;en todos los &aacute;mbitos de la vida p&uacute;blica&rdquo;.<\/p>\n<p style=\"text-align: justify\">\n\tEn declaraciones a ACI Prensa, tras su participaci&oacute;n en el evento de j&oacute;venes cat&oacute;licos Hechos, el 12 de noviembre en Lima (Per&uacute;), Luis Solari, ex congresista y ex ministro de Salud, se&ntilde;al&oacute; que &ldquo;hay que ir al espacio p&uacute;blico&rdquo;, que &ldquo;est&aacute; ocupado b&aacute;sicamente por el Estado en Am&eacute;rica Latina&rdquo;.<\/p>\n<p style=\"text-align: justify\">\n\t&ldquo;Es ese Estado el que elimin&oacute; la educaci&oacute;n humanista, las pol&iacute;ticas tributarias. Ese es el que ha hecho todo, se ha apropiado de la universidad p&uacute;blica pol&iacute;ticamente, ha llenado el ministerio de salud de abortistas y el de educaci&oacute;n de ide&oacute;logos de g&eacute;nero&rdquo;, se&ntilde;al&oacute;.<\/p>\n<p style=\"text-align: justify\">\n\t&iquest;C&oacute;mo se ha llegado a este punto? &ldquo;Porque la sociedad civil no est&aacute; en el espacio p&uacute;blico. Es una tarea crucial. Ninguna de las cosas anteriores va a poder ser lograda si los pusil&aacute;nimes, los tibios, no se vuelven ardientes y participativos&rdquo;, dijo.<\/p>\n<p style=\"text-align: justify\">\n\tSolari record&oacute; que el Papa Le&oacute;n XIII, que gobern&oacute; la Iglesia a fines del siglo XIX, &ldquo;dec&iacute;a: si ustedes que piensan como piensan, no participan en pol&iacute;tica, los que piensan lo contrario van a ocupar esos espacios p&uacute;blicos. Habr&aacute; ah&iacute; escasas posibilidades de salvaci&oacute;n al Estado, al Estado-Naci&oacute;n, al pa&iacute;s. Y eso es lo que est&aacute; pasando&rdquo;.<\/p>\n<p style=\"text-align: justify\">\n\tEn el caso de Per&uacute;, dijo, solo el 22 o el 23% de ciudadanos participa en el espacio p&uacute;blico, permitiendo que el Estado sea copado, entre otros, por &ldquo;los corruptos y los manipuladores&rdquo;.<\/p>\n<p style=\"text-align: justify\">\n\t&ldquo;Toda esta gente que ha entrado y hace esas barbaridades en el Estado, &iquest;por qu&eacute; las hace? Porque los buenos lo permiten&rdquo;, critic&oacute;.<\/p>\n<p style=\"text-align: justify\">\n\tPara el ex ministro peruano, &ldquo;en la Iglesia ya no debe hablarse de desaf&iacute;os&rdquo;, sino de tareas.<\/p>\n<p style=\"text-align: justify\">\n\t&ldquo;El desaf&iacute;o es discrecional. La tarea recae en la categor&iacute;a del deber. Es un deber la participaci&oacute;n para cualquier persona creyente. Yo no puedo decir que soy creyente si yo estoy, como dice el Papa Francisco, encerrado como un hongo&rdquo;, dijo.<\/p>\n<p style=\"text-align: justify\">\n\tLos cat&oacute;licos, dijo Solari, deben decidirse &ldquo;a participar en el espacio p&uacute;blico. No necesariamente la pol&iacute;tica. En todos los &aacute;mbitos de la vida p&uacute;blica&rdquo;.<\/p>\n<p style=\"text-align: justify\">\n\tComo idea, propuso que &ldquo;formen asociaciones civiles sin fines de lucro. Imag&iacute;nate, hay 1.800 parroquias en el Per&uacute;. Una asociaci&oacute;n civil sin fines de lucro por parroquia, son 1.800 asociaciones&rdquo;.<\/p>\n<p style=\"text-align: justify\">\n\t&ldquo;Hay que olvidarse de la palabra desaf&iacute;o, son tareas. Que cada uno sepa que cuando no hace algo, tiene una tarea pendiente, no un desaf&iacute;o que no pudo cumplir&rdquo;, advirti&oacute;.<\/p>\n<p style=\"text-align: justify\">\n\tEl ex ministro subray&oacute; que el &ldquo;Estado Laico&rdquo; no es un freno para que los cat&oacute;licos entren en la vida p&uacute;blica.<\/p>\n<p style=\"text-align: justify\">\n\t&ldquo;Hay gente que habla del estado laico pero est&aacute; queriendo decir el &lsquo;Estado Ateo&rsquo;. El Per&uacute; es un Estado Laico, es obvio que el aparato p&uacute;blico no es un aparato p&uacute;blico religioso, eso es obvio&rdquo;, dijo.<\/p>\n<p style=\"text-align: justify\">\n\tPara Solari, &ldquo;toda esta gente que reclama el &lsquo;estado laico&rsquo; est&aacute; planteando que las personas no deben tener creencias. Son fariseos de los derechos humanos. Porque en los derechos humanos est&aacute; que cualquier persona puede expresar sus creencias libremente en p&uacute;blico o en privado&rdquo;.<\/p>\n<p style=\"text-align: justify\">\n\t&ldquo;Lo que estas personas est&aacute;n buscando es descalificar a cualquiera que tenga creencias religiosas de poder estar en el aparato p&uacute;blico&rdquo;, se&ntilde;al&oacute;.<\/p>\n<p style=\"text-align: justify\">\n\tTambi&eacute;n te puede interesar:<\/p>\n<p style=\"text-align: justify\">\n\t\t#Per&uacute;: Promueven 2 leyes para proteger a #beb&eacute;s concebidos en una #violaci&oacute;n https:\/\/t.co\/znxxro3GbL<\/p>\n<p>\t&mdash; ACI Prensa (@aciprensa) 6 de noviembre de 2016<\/p>\n","protected":false},"excerpt":{"rendered":"<p>REDACCI\u00d3N CENTRAL, 15 Nov. 16 (ACI).- &iquest;C&oacute;mo evitar que los ministerios de un pa&iacute;s se vean copados por funcionarios que promueven el aborto o la ideolog&iacute;a de g&eacute;nero? Un ex ministro peruano tiene una respuesta muy clara: los fieles cat&oacute;licos deben decidirse a participar &ldquo;en todos los &aacute;mbitos de la vida p&uacute;blica&rdquo;. En declaraciones a &hellip; <a href=\"https:\/\/www.biblia.work\/noticias\/la-tarea-pendiente-de-los-catolicos-para-vencer-el-aborto-y-la-ideologia-de-genero\/\" class=\"more-link\">Continuar leyendo<span class=\"screen-reader-text\"> \u00abLa tarea pendiente de los cat\u00f3licos para vencer el aborto y la ideolog\u00eda de g\u00e9nero\u00bb<\/span><\/a><\/p>\n","protected":false},"author":1,"featured_media":0,"comment_status":"open","ping_status":"closed","sticky":false,"template":"","format":"standard","meta":{"footnotes":""},"categories":[1],"tags":[],"class_list":["post-8913","post","type-post","status-publish","format-standard","hentry","category-general"],"_links":{"self":[{"href":"https:\/\/www.biblia.work\/noticias\/wp-json\/wp\/v2\/posts\/8913","targetHints":{"allow":["GET"]}}],"collection":[{"href":"https:\/\/www.biblia.work\/noticias\/wp-json\/wp\/v2\/posts"}],"about":[{"href":"https:\/\/www.biblia.work\/noticias\/wp-json\/wp\/v2\/types\/post"}],"author":[{"embeddable":true,"href":"https:\/\/www.biblia.work\/noticias\/wp-json\/wp\/v2\/users\/1"}],"replies":[{"embeddable":true,"href":"https:\/\/www.biblia.work\/noticias\/wp-json\/wp\/v2\/comments?post=8913"}],"version-history":[{"count":0,"href":"https:\/\/www.biblia.work\/noticias\/wp-json\/wp\/v2\/posts\/8913\/revisions"}],"wp:attachment":[{"href":"https:\/\/www.biblia.work\/noticias\/wp-json\/wp\/v2\/media?parent=8913"}],"wp:term":[{"taxonomy":"category","embeddable":true,"href":"https:\/\/www.biblia.work\/noticias\/wp-json\/wp\/v2\/categories?post=8913"},{"taxonomy":"post_tag","embeddable":true,"href":"https:\/\/www.biblia.work\/noticias\/wp-json\/wp\/v2\/tags?post=8913"}],"curies":[{"name":"wp","href":"https:\/\/api.w.org\/{rel}","templated":true}]}}