{"id":8914,"date":"2016-11-15T16:15:02","date_gmt":"2016-11-15T21:15:02","guid":{"rendered":"http:\/\/www.biblia.work\/noticias\/videomensaje-del-papa-a-los-obispos-de-estados-unidos\/"},"modified":"2016-11-15T16:15:02","modified_gmt":"2016-11-15T21:15:02","slug":"videomensaje-del-papa-a-los-obispos-de-estados-unidos","status":"publish","type":"post","link":"https:\/\/www.biblia.work\/noticias\/videomensaje-del-papa-a-los-obispos-de-estados-unidos\/","title":{"rendered":"Videomensaje del Papa a los obispos de Estados Unidos"},"content":{"rendered":"<p style=\"text-align: justify\">(ZENIT &#8211; Roma).- El Santo Padre Francisco envi\u00f3 un videomensaje a los obispos<span style=\"color: #3366ff\"><a style=\"color: #3366ff\" href=\"https:\/\/es.zenit.org\/articles\/los-obispos-en-baltimore-sanar-las-heridas-de-una-campana-muy-polarizada\/\"> reunidos en la Asamblea General <\/a><\/span>de la Conferencia Episcopal de Estados Unidos de Norteam\u00e9rica, que se realiz\u00f3 en Baltimore y en el cual<a target=\"_blank\" rel=\"nofollow\" href=\"https:\/\/es.zenit.org\/articles\/los-obispos-de-estados-unidos-eligieron-nuevo-presidente-y-vicepresidente\/\"> <span style=\"color: #3366ff\">eligieron a los nuevos presidente y vicepresidente<\/span><\/a> para los pr\u00f3ximos tres a\u00f1os.<\/p>\n<p style=\"text-align: justify\">A continuaci\u00f3n el texto del mensaje:<\/p>\n<div class=\"page\" title=\"Page 2\">\n<div class=\"layoutArea\">\n<div class=\"column\">\n<p style=\"text-align: justify\">Queridos hermanos Obispos:<br \/>\nMe alegra tener esta oportunidad para poder dirigirme a ustedes. Hace apenas un a\u00f1o estuve\u00a0con ustedes en mi visita pastoral a los Estados Unidos. All\u00ed, qued\u00e9 impresionado por la vitalidad y la diversidad de la comunidad cat\u00f3lica.<\/p>\n<p style=\"text-align: justify\">A lo largo de su historia, la Iglesia en su Pa\u00eds ha acogido e integrado nuevos flujos de inmigrantes. Con la rica variedad de sus lenguas y tradiciones culturales, han dado forma al rostro en continua trasformaci\u00f3n de la Iglesia estadounidense.<\/p>\n<p style=\"text-align: justify\">En este contexto, quisiera referirme al pr\u00f3ximo Quinto Encuentro Nacional de Pastoral Hispana. La celebraci\u00f3n de este Quinto Encuentro dar\u00e1 inicio en sus di\u00f3cesis el pr\u00f3ximo mes de enero y concluir\u00e1 con una celebraci\u00f3n nacional en septiembre de 2018.<\/p>\n<p style=\"text-align: justify\">En continuidad con los anteriores, este Encuentro busca reconocer y valorar los dones espec\u00edficos que los cat\u00f3licos hispanos han ofrecido y siguen ofreciendo a la Iglesia en su Pa\u00eds. Pero es mucho m\u00e1s que eso. Es parte de un proceso m\u00e1s grande de renovaci\u00f3n y de impulso misionero, al que est\u00e1n llamadas todas sus Iglesias locales.<\/p>\n<p style=\"text-align: justify\">Nuestro gran desaf\u00edo es crear una cultura del encuentro, que aliente a cada persona y a cada grupo a compartir la riqueza de sus tradiciones y experiencias, a abatir muros y a construir puentes. La Iglesia en los Estados Unidos, como en otras partes del mundo, est\u00e1 llamada a \u00absalir\u00bb de su comodidad y a convertirse en fermento de comuni\u00f3n. Comuni\u00f3n entre nosotros mismos, con nuestros hermanos cristianos y con todos los que buscan un futuro de esperanza.<\/p>\n<p style=\"text-align: justify\">Tenemos que ser cada vez m\u00e1s plenamente una comunidad de disc\u00edpulos misioneros, llenos de amor al Se\u00f1or Jes\u00fas y de entusiasmo por la difusi\u00f3n del Evangelio. La comunidad cristiana debe ser un signo y un anuncio prof\u00e9tico del plan de Dios para toda la familia humana. Estamos llamados a ser portadores de buenas noticias para una sociedad sujeta a desconcertantes cambios sociales, culturales y espirituales, y a una creciente polarizaci\u00f3n.<\/p>\n<p style=\"text-align: justify\">Espero que la Iglesia en su Pa\u00eds, en todos sus \u00e1mbitos, acompa\u00f1e este Encuentro con su propia reflexi\u00f3n y discernimiento pastoral. De manera particular, les pido que consideren de qu\u00e9 manera sus Iglesias locales pueden responder mejor a la creciente presencia, a los dones y al potencial de la comunidad hispana. Conscientes de la aportaci\u00f3n que la comunidad hispana ofrece a la vida de la naci\u00f3n, rezo para que el Encuentro contribuya a la renovaci\u00f3n de la sociedad y al apostolado de la Iglesia en los Estados Unidos de Am\u00e9rica.<\/p>\n<\/div>\n<\/div>\n<\/div>\n<div class=\"page\" title=\"Page 3\">\n<div class=\"layoutArea\">\n<div class=\"column\">\n<p style=\"text-align: justify\">Con gratitud a todos los que participan en la preparaci\u00f3n del Quinto Encuentro, les aseguro mis oraciones por esta importante iniciativa de su Conferencia Episcopal. A todos ustedes, as\u00ed como al clero, a los religiosos y a los fieles laicos de sus Iglesias locales, los encomiendo a la intercesi\u00f3n de la Inmaculada Virgen Mar\u00eda, y les imparto de coraz\u00f3n la Bendici\u00f3n Apost\u00f3lica, como prenda de gracia y paz en el Se\u00f1or&#8221;.<\/p>\n<\/div>\n<\/div>\n<\/div>\n<p><span class=\"et_bloom_bottom_trigger\"><\/span><\/p>\n<p><a href=\"https:\/\/es.zenit.org\/\" target=\"_blank\" rel=\"nofollow\">Fuente: es.zenit.org<\/a><\/p>\n","protected":false},"excerpt":{"rendered":"<p>(ZENIT &#8211; Roma).- El Santo Padre Francisco envi\u00f3 un videomensaje a los obispos reunidos en la Asamblea General de la Conferencia Episcopal de Estados Unidos de Norteam\u00e9rica, que se realiz\u00f3 en Baltimore y en el cual eligieron a los nuevos presidente y vicepresidente para los pr\u00f3ximos tres a\u00f1os. A continuaci\u00f3n el texto del mensaje: Queridos &hellip; <a href=\"https:\/\/www.biblia.work\/noticias\/videomensaje-del-papa-a-los-obispos-de-estados-unidos\/\" class=\"more-link\">Continuar leyendo<span class=\"screen-reader-text\"> \u00abVideomensaje del Papa a los obispos de Estados Unidos\u00bb<\/span><\/a><\/p>\n","protected":false},"author":1,"featured_media":0,"comment_status":"open","ping_status":"closed","sticky":false,"template":"","format":"standard","meta":{"footnotes":""},"categories":[1],"tags":[],"class_list":["post-8914","post","type-post","status-publish","format-standard","hentry","category-general"],"_links":{"self":[{"href":"https:\/\/www.biblia.work\/noticias\/wp-json\/wp\/v2\/posts\/8914","targetHints":{"allow":["GET"]}}],"collection":[{"href":"https:\/\/www.biblia.work\/noticias\/wp-json\/wp\/v2\/posts"}],"about":[{"href":"https:\/\/www.biblia.work\/noticias\/wp-json\/wp\/v2\/types\/post"}],"author":[{"embeddable":true,"href":"https:\/\/www.biblia.work\/noticias\/wp-json\/wp\/v2\/users\/1"}],"replies":[{"embeddable":true,"href":"https:\/\/www.biblia.work\/noticias\/wp-json\/wp\/v2\/comments?post=8914"}],"version-history":[{"count":0,"href":"https:\/\/www.biblia.work\/noticias\/wp-json\/wp\/v2\/posts\/8914\/revisions"}],"wp:attachment":[{"href":"https:\/\/www.biblia.work\/noticias\/wp-json\/wp\/v2\/media?parent=8914"}],"wp:term":[{"taxonomy":"category","embeddable":true,"href":"https:\/\/www.biblia.work\/noticias\/wp-json\/wp\/v2\/categories?post=8914"},{"taxonomy":"post_tag","embeddable":true,"href":"https:\/\/www.biblia.work\/noticias\/wp-json\/wp\/v2\/tags?post=8914"}],"curies":[{"name":"wp","href":"https:\/\/api.w.org\/{rel}","templated":true}]}}